{"id":28964,"date":"2015-05-26T00:00:00","date_gmt":"2015-05-25T23:00:00","guid":{"rendered":"https:\/\/fundaciosetba.org\/roser-oduber-en-blanc-sobre-blanc\/"},"modified":"2015-05-26T00:00:00","modified_gmt":"2015-05-25T23:00:00","slug":"roser-oduber-en-blanc-sobre-blanc","status":"publish","type":"post","link":"https:\/\/fundaciosetba.org\/es\/roser-oduber-en-blanc-sobre-blanc\/","title":{"rendered":"Roser Oduber en Blanc sobre blanc"},"content":{"rendered":"<h2>Roser Oduber en Blanc sobre blanc<\/h2>\n<p><strong>El 33 entrar\u00e1 en el taller de 26 artistas en su nuevo programa sobre artes pl\u00e1sticas, una asignatura que ten\u00eda pendiente.<\/strong><\/p>\n<p>&nbsp;<\/p>\n<p>Este martes 7 de octubre, se ha presentado el nuevo programa del 33 dedicado a las artes pl\u00e1sticas, &#8220;Blanco sobre blanco&#8221;, que se estrena el jueves 9 En el acto han estado presentes la mayor\u00eda de los artistas que protagonizan esta serie de 13 cap\u00edtulos, que acercar\u00e1 el proceso creativo a los espectadores. <strong>Entre los que Roser Oduber, que ha sido patrona de la Fundaci\u00f3n Setba hasta hace poco.<\/strong><\/p>\n<p>Oduber ha creado, junto con el resto de artistas participantes en el evento, una obra conjunta en directo. Les ha acompa\u00f1ado el grupo de jazz Oscar Neira Music.<\/p>\n<p><img decoding=\"async\" src=\"https:\/\/fundaciosetba.org\/wp-content\/uploads\/2021\/12\/noticies.jpg\" alt='noticies' \/><\/p>\n","protected":false},"excerpt":{"rendered":"<p>El 33 entrar\u00e1 en el taller de 26 artistas en su nuevo programa sobre artes pl\u00e1sticas, una asignatura que ten\u00eda pendiente.<\/p>\n","protected":false},"author":1,"featured_media":28961,"comment_status":"closed","ping_status":"closed","sticky":false,"template":"","format":"standard","meta":{"footnotes":""},"categories":[1090],"tags":[],"class_list":["post-28964","post","type-post","status-publish","format-standard","has-post-thumbnail","hentry","category-noticias"],"_links":{"self":[{"href":"https:\/\/fundaciosetba.org\/es\/wp-json\/wp\/v2\/posts\/28964","targetHints":{"allow":["GET"]}}],"collection":[{"href":"https:\/\/fundaciosetba.org\/es\/wp-json\/wp\/v2\/posts"}],"about":[{"href":"https:\/\/fundaciosetba.org\/es\/wp-json\/wp\/v2\/types\/post"}],"author":[{"embeddable":true,"href":"https:\/\/fundaciosetba.org\/es\/wp-json\/wp\/v2\/users\/1"}],"replies":[{"embeddable":true,"href":"https:\/\/fundaciosetba.org\/es\/wp-json\/wp\/v2\/comments?post=28964"}],"version-history":[{"count":0,"href":"https:\/\/fundaciosetba.org\/es\/wp-json\/wp\/v2\/posts\/28964\/revisions"}],"wp:featuredmedia":[{"embeddable":true,"href":"https:\/\/fundaciosetba.org\/es\/wp-json\/wp\/v2\/media\/28961"}],"wp:attachment":[{"href":"https:\/\/fundaciosetba.org\/es\/wp-json\/wp\/v2\/media?parent=28964"}],"wp:term":[{"taxonomy":"category","embeddable":true,"href":"https:\/\/fundaciosetba.org\/es\/wp-json\/wp\/v2\/categories?post=28964"},{"taxonomy":"post_tag","embeddable":true,"href":"https:\/\/fundaciosetba.org\/es\/wp-json\/wp\/v2\/tags?post=28964"}],"curies":[{"name":"wp","href":"https:\/\/api.w.org\/{rel}","templated":true}]}}