{"id":28965,"date":"2015-05-26T00:00:00","date_gmt":"2015-05-25T23:00:00","guid":{"rendered":"https:\/\/fundaciosetba.org\/la-fundacion-setba-en-btv-2\/"},"modified":"2015-05-26T00:00:00","modified_gmt":"2015-05-25T23:00:00","slug":"la-fundacion-setba-en-btv-2","status":"publish","type":"post","link":"https:\/\/fundaciosetba.org\/es\/la-fundacion-setba-en-btv-2\/","title":{"rendered":"La Fundaci\u00f3n Setba en BTV"},"content":{"rendered":"<h2>La Fundaci\u00f3n Setba en BTV<\/h2>\n<p><strong>La Fundaci\u00f3n Setba ha abierto un espacio en el n\u00famero 335 de la calle Consell de Cent, en plena zona de galer\u00edas de arte.<\/strong><\/p>\n<p>&nbsp;<\/p>\n<div class=\"media_embed\"><iframe loading=\"lazy\" id=\"flumotion_iframe_player\" src=\"http:\/\/play.barcelonatvnoticies.webtv.flumotion.com\/play\/player?podId=65263&amp;playerId=7\" name=\"flumotion_iframe_player\" width=\"650px\" height=\"410px\" frameborder=\"0\" scrolling=\"no\" allowfullscreen=\"allowfullscreen\"><\/iframe><\/div>\n<p>&nbsp;<\/p>\n","protected":false},"excerpt":{"rendered":"<p>La Fundaci\u00f3n Setba ha abierto un espacio en el n\u00famero 335 de la calle Consell de Cent, en plena zona de galer\u00edas de arte.<\/p>\n","protected":false},"author":1,"featured_media":0,"comment_status":"closed","ping_status":"closed","sticky":false,"template":"","format":"standard","meta":{"footnotes":""},"categories":[1090],"tags":[],"class_list":["post-28965","post","type-post","status-publish","format-standard","hentry","category-noticias"],"_links":{"self":[{"href":"https:\/\/fundaciosetba.org\/es\/wp-json\/wp\/v2\/posts\/28965","targetHints":{"allow":["GET"]}}],"collection":[{"href":"https:\/\/fundaciosetba.org\/es\/wp-json\/wp\/v2\/posts"}],"about":[{"href":"https:\/\/fundaciosetba.org\/es\/wp-json\/wp\/v2\/types\/post"}],"author":[{"embeddable":true,"href":"https:\/\/fundaciosetba.org\/es\/wp-json\/wp\/v2\/users\/1"}],"replies":[{"embeddable":true,"href":"https:\/\/fundaciosetba.org\/es\/wp-json\/wp\/v2\/comments?post=28965"}],"version-history":[{"count":0,"href":"https:\/\/fundaciosetba.org\/es\/wp-json\/wp\/v2\/posts\/28965\/revisions"}],"wp:attachment":[{"href":"https:\/\/fundaciosetba.org\/es\/wp-json\/wp\/v2\/media?parent=28965"}],"wp:term":[{"taxonomy":"category","embeddable":true,"href":"https:\/\/fundaciosetba.org\/es\/wp-json\/wp\/v2\/categories?post=28965"},{"taxonomy":"post_tag","embeddable":true,"href":"https:\/\/fundaciosetba.org\/es\/wp-json\/wp\/v2\/tags?post=28965"}],"curies":[{"name":"wp","href":"https:\/\/api.w.org\/{rel}","templated":true}]}}