{"id":28966,"date":"2015-05-26T00:00:00","date_gmt":"2015-05-25T23:00:00","guid":{"rendered":"https:\/\/fundaciosetba.org\/calendario-solidario-2015\/"},"modified":"2015-05-26T00:00:00","modified_gmt":"2015-05-25T23:00:00","slug":"calendario-solidario-2015","status":"publish","type":"post","link":"https:\/\/fundaciosetba.org\/es\/calendario-solidario-2015\/","title":{"rendered":"Calendario Solidario 2015"},"content":{"rendered":"<h2>Calendario Solidario 2015<\/h2>\n<p><strong>La Fundaci\u00f3n Setba elabora un a\u00f1o m\u00e1s un calendario solidario a partir de las 12 obras finalistas de la edici\u00f3n de este a\u00f1o.<\/strong><\/p>\n<p>Las doce obras finalistas de la edici\u00f3n 2014 de <em><a href=\"https:\/\/fundaciosetba.org\/es\/el-balcon-de-las-artes-2014\/\">El Balc\u00f3n de las Artes<\/a><\/em>, integran el tercer calendario solidario de la Fundaci\u00f3n Setba.<\/p>\n<p>Todos aquellos que quieran comprarlo pueden hacerlo en las entidades a las que pertenecen los finalistas y en la misma Fundaci\u00f3n Setba. El precio del calendario es de 5 \u20ac y todos los beneficios se destinar\u00e1n, por un lado, a la nueva edici\u00f3n del certamen y, por otro, a las entidades particpantes.<\/p>\n<p>&nbsp;<\/p>\n<p>&nbsp;<\/p>\n<div class=\"issuuembed\" style=\"width: 525px; height: 483px;\" data-configid=\"0\/12783525\"><\/div>\n<p><script src=\"\/\/e.issuu.com\/embed.js\" async=\"true\" type=\"text\/javascript\"><\/script><\/p>\n","protected":false},"excerpt":{"rendered":"<p>La Fundaci\u00f3n Setba elabora un a\u00f1o m\u00e1s un calendario solidario a partir de las 12 obras finalistas de &#8216;El Balc\u00f3n de las Artes 2014&#8217;.<\/p>\n","protected":false},"author":1,"featured_media":0,"comment_status":"closed","ping_status":"closed","sticky":false,"template":"","format":"standard","meta":{"footnotes":""},"categories":[1090],"tags":[],"class_list":["post-28966","post","type-post","status-publish","format-standard","hentry","category-noticias"],"_links":{"self":[{"href":"https:\/\/fundaciosetba.org\/es\/wp-json\/wp\/v2\/posts\/28966","targetHints":{"allow":["GET"]}}],"collection":[{"href":"https:\/\/fundaciosetba.org\/es\/wp-json\/wp\/v2\/posts"}],"about":[{"href":"https:\/\/fundaciosetba.org\/es\/wp-json\/wp\/v2\/types\/post"}],"author":[{"embeddable":true,"href":"https:\/\/fundaciosetba.org\/es\/wp-json\/wp\/v2\/users\/1"}],"replies":[{"embeddable":true,"href":"https:\/\/fundaciosetba.org\/es\/wp-json\/wp\/v2\/comments?post=28966"}],"version-history":[{"count":0,"href":"https:\/\/fundaciosetba.org\/es\/wp-json\/wp\/v2\/posts\/28966\/revisions"}],"wp:attachment":[{"href":"https:\/\/fundaciosetba.org\/es\/wp-json\/wp\/v2\/media?parent=28966"}],"wp:term":[{"taxonomy":"category","embeddable":true,"href":"https:\/\/fundaciosetba.org\/es\/wp-json\/wp\/v2\/categories?post=28966"},{"taxonomy":"post_tag","embeddable":true,"href":"https:\/\/fundaciosetba.org\/es\/wp-json\/wp\/v2\/tags?post=28966"}],"curies":[{"name":"wp","href":"https:\/\/api.w.org\/{rel}","templated":true}]}}