{"id":29006,"date":"2011-03-14T00:00:00","date_gmt":"2011-03-13T23:00:00","guid":{"rendered":"https:\/\/fundaciosetba.org\/marujita-presenta-nuevo-disco-en-setba\/"},"modified":"2022-04-12T09:08:51","modified_gmt":"2022-04-12T08:08:51","slug":"marujita-presenta-nuevo-disco-en-setba","status":"publish","type":"post","link":"https:\/\/fundaciosetba.org\/es\/marujita-presenta-nuevo-disco-en-setba\/","title":{"rendered":"Marujita presenta nuevo disco en Setba"},"content":{"rendered":"<h2>Marujita presenta nuevo disco en Setba<\/h2>\n<p><strong>La formaci\u00f3n ofrecer\u00e1 un concierto en ac\u00fastico a finales de abril<\/strong><\/p>\n<p><img decoding=\"async\" src=\"https:\/\/fundaciosetba.org\/wp-content\/uploads\/2021\/12\/img-la-vida-es-puta-20110329093319.jpg\" alt='img-la-vida-es-puta-20110329093319' \/><\/p>\n<p>&nbsp;<\/p>\n<p>&nbsp;<\/p>\n<p><strong>Marujita presenta nuevo disco con un concierto \u00edntimo y ac\u00fastico en el espacio Setba de Barcelona el jueves 28 de abril de 2011 a las 20h. La cantante y compositora Mar\u00eda Ben\u00edtez, acompa\u00f1ada tan s\u00f3lo por el guitarrista y tambi\u00e9n compositor Josep Vilagut, actuar\u00e1 en este centro art\u00edstico de la plaza Real en el marco de la exposici\u00f3n &#8220;Un Siglo de Mujeres&#8221;<\/strong> (del 8 de marzo al 30 de abril de 2011), en la que se pretende mostrar el trabajo de la mujer en el mundo de la creaci\u00f3n.<br \/>\n<strong>Sobre Marujita<\/strong><\/p>\n<p>Marujita es una propuesta musical que fusiona flamenco, folk, pop, jazz y m\u00fasica electr\u00f3nica. La banda la integran los ya citados Mar\u00eda Ben\u00edtez y Josep Vilagut junto a Gabriel Zurita (voz y percusi\u00f3n), Lucas Su\u00e1rez (dobro, banjo y mandolina), Pol Ribera (piano y teclados), Carlos R\u00f3denas (bajo) y Josema Mart\u00ednez (bater\u00eda).<\/p>\n<p>Su pr\u00f3ximo disco, producido por Ricky Falkner con Universal Music, se lanzar\u00e1 el 24 de mayo e incluir\u00e1 11 temas in\u00e9ditos, entre los que se podr\u00e1n encontrar canciones como Ir y venir, que formar\u00e1 parte de una campa\u00f1a de Turismo Barcelona.<\/p>\n<p>Con su anterior trabajo, Marujita, ofrecieron m\u00e1s de 50 conciertos por toda Espa\u00f1a y, tras su \u00e9xito, se reedit\u00f3 un especial con dos singles a\u00f1adidos. Adem\u00e1s, en el a\u00f1o 2010 su versi\u00f3n de Amigos para siempre fue elegida como banda sonora del 60 aniversario de SEAT y este tema ha ocupado los primeros puestos en las listas de ventas de iTunes. M\u00e1s sobre Marujita en <a href=\"http:\/\/www.marujita.org\/\">www.marujita.org<\/a><\/p>\n<p>&nbsp;<\/p>\n<p>M\u00e1s informaci\u00f3n sobre las entradas <a href=\"http:\/\/esp.fundaciosetba.org\/agenda-setba-marujita-intimisimo\">aqu\u00ed<\/a>.<\/p>\n","protected":false},"excerpt":{"rendered":"<p>La formaci\u00f3n ofrecer\u00e1 un concierto en ac\u00fastico a finales de abril<\/p>\n","protected":false},"author":1,"featured_media":29003,"comment_status":"closed","ping_status":"closed","sticky":false,"template":"","format":"standard","meta":{"footnotes":""},"categories":[1090],"tags":[],"class_list":["post-29006","post","type-post","status-publish","format-standard","has-post-thumbnail","hentry","category-noticias"],"_links":{"self":[{"href":"https:\/\/fundaciosetba.org\/es\/wp-json\/wp\/v2\/posts\/29006","targetHints":{"allow":["GET"]}}],"collection":[{"href":"https:\/\/fundaciosetba.org\/es\/wp-json\/wp\/v2\/posts"}],"about":[{"href":"https:\/\/fundaciosetba.org\/es\/wp-json\/wp\/v2\/types\/post"}],"author":[{"embeddable":true,"href":"https:\/\/fundaciosetba.org\/es\/wp-json\/wp\/v2\/users\/1"}],"replies":[{"embeddable":true,"href":"https:\/\/fundaciosetba.org\/es\/wp-json\/wp\/v2\/comments?post=29006"}],"version-history":[{"count":1,"href":"https:\/\/fundaciosetba.org\/es\/wp-json\/wp\/v2\/posts\/29006\/revisions"}],"predecessor-version":[{"id":31048,"href":"https:\/\/fundaciosetba.org\/es\/wp-json\/wp\/v2\/posts\/29006\/revisions\/31048"}],"wp:featuredmedia":[{"embeddable":true,"href":"https:\/\/fundaciosetba.org\/es\/wp-json\/wp\/v2\/media\/29003"}],"wp:attachment":[{"href":"https:\/\/fundaciosetba.org\/es\/wp-json\/wp\/v2\/media?parent=29006"}],"wp:term":[{"taxonomy":"category","embeddable":true,"href":"https:\/\/fundaciosetba.org\/es\/wp-json\/wp\/v2\/categories?post=29006"},{"taxonomy":"post_tag","embeddable":true,"href":"https:\/\/fundaciosetba.org\/es\/wp-json\/wp\/v2\/tags?post=29006"}],"curies":[{"name":"wp","href":"https:\/\/api.w.org\/{rel}","templated":true}]}}