{"id":29008,"date":"2015-05-27T00:00:00","date_gmt":"2015-05-26T23:00:00","guid":{"rendered":"https:\/\/fundaciosetba.org\/concierto-primo-gabbiano-visual-pal\/"},"modified":"2022-04-12T09:01:56","modified_gmt":"2022-04-12T08:01:56","slug":"concierto-primo-gabbiano-visual-pal","status":"publish","type":"post","link":"https:\/\/fundaciosetba.org\/es\/concierto-primo-gabbiano-visual-pal\/","title":{"rendered":"Concierto Primo Gabbiano + Visual Pal"},"content":{"rendered":"<h2>Concierto Primo Gabbiano + Visual Pal<\/h2>\n<p><strong>Concierto de m\u00fasica experimental, noise y drone en el marco de la muestra &#8220;Cuando te pierdas en el bosque&#8230;&#8221;<\/strong><\/p>\n<p>&nbsp;<\/p>\n<p><img decoding=\"async\" src=\"https:\/\/fundaciosetba.org\/wp-content\/uploads\/2021\/12\/CONCERT-Primo-Gabbiano-i-Visual-Pal.jpg\" alt='CONCERT Primo Gabbiano i Visual Pal' \/><\/p>\n<p>&nbsp;<\/p>\n<p>Sonidos y texturas abiertas a la polisemia y la evocaci\u00f3n. En las im\u00e1genes, Visual Pal y su narrativa random de emociones intermitentes. Intensidad, recuerdo, olvido.<\/p>\n<p>&nbsp;<\/p>\n<p><span style=\"text-decoration: underline;\"><strong>ANTONIO CLAVIJO VICTORI (aka PRIMO GABBIANO)<\/strong><\/span><br \/>\nAntonio Clavijo Victori es m\u00fasico y artista visual de Barcelona. Ha sido el guitarrista y compositor de bandas de krautrock, spoken word y noise. Ahora como Primo Gabbiano explora la faceta m\u00e1s experimental de la m\u00fasica utilizando paisaje sonoro, ambiente y electr\u00f3nica primitiva. Con una amplia experiencia en los escenarios (Centro de Arte La Panera, CACIS, Muestra experimental y nuevos sonidos (((gargall))), Brucstock Festival, Konvent.0, etc.), su puesta en escena es marcadamente visual y muy cercana a la instalaci\u00f3n.<\/p>\n<p>Como artista visual ha elaborado el material audiovisual de las diferentes bandas donde ha participado y una docena de cortometrajes. En 2012, su exposici\u00f3n de videodanza gan\u00f3 el primer premio de la Taula de les Arts Visuals de Manresa. Sus piezas de v\u00eddeo han sido seleccionadas en diferentes muestras y festivales internacionales. Compagina su faceta art\u00edstica con la direcci\u00f3n y presentaci\u00f3n del programa semanal de radio <em>La moto de Sasha<\/em>, centrado en manifestaciones art\u00edsticas contempor\u00e1neas y m\u00fasica experimental.<\/p>\n<p>En 2013 estren\u00f3 su primera obra de teatro, <em>Rizomaquistelarva<\/em>, en el Antic Teatre de Barcelona. Su gusto por la acci\u00f3n teatral y el happening le ha llevado a musicar performances de Gerard Vilardaga y Perform\u00e0ntiks. En estos momentos est\u00e1 confeccionando el mapa sonoro de Pallej\u00e0 y tiene diferentes proyectos de colaboraci\u00f3n con m\u00fasicos y artistas de Barcelona, Madrid, M\u00e9xico y EEUU.<\/p>\n<p>&nbsp;<\/p>\n<p><strong>PALOMA S\u00c1NCHEZ CASTA\u00d1O (aka VISUAL PAL)<\/strong><br \/>\nArtista visual de Barcelona. Su carrera art\u00edstica se desarrolla en la realizaci\u00f3n de piezas videogr\u00e1ficas, instalaciones audiovisuales y directos como VJ. Ha colaborado en la exposici\u00f3n de videodanza <em>Contradanza <\/em>(Antonio Clavijo, 2012) y participado en diferentes festivales y muestras de arte contempor\u00e1neo (Centro de Arte La Panera, Brucstock Festival, CACIS, etc.). Su pieza de video <em>Vidi Well Brother<\/em> fue seleccionada por el ciclo Pantalla Global del CCCB y su instalaci\u00f3n<em>Kiss <\/em>se encuentra actualmente en itinerancia por centros y galer\u00edas de arte Su faceta de VJ le ha permitido colaborar en las visuales de formaciones de m\u00fasica experimental, espect\u00e1culos de danza contempor\u00e1nea, teatro y performance.<\/p>\n<p>Es coordinadora y programadora del Festival Freq\u00fc\u00e8ncia.0 donde ha comisariado el proyecto art\u00edstico 50 a\u00f1os de videoarte (1963-2013) dentro de la muestra multidisciplinaria <em>Konvent.0<\/em>.<\/p>\n<p>Recientemente ha publicado tres discos donde explora las posibilidades pl\u00e1sticas de la voz recitada y el paisaje sonoro.<\/p>\n","protected":false},"excerpt":{"rendered":"<p>Concierto de m\u00fasica experimental, noise y drone en el marco de la muestra &#8220;Cuando te pierdas en el bosque&#8230;&#8221;<\/p>\n","protected":false},"author":1,"featured_media":27420,"comment_status":"closed","ping_status":"closed","sticky":false,"template":"","format":"standard","meta":{"footnotes":""},"categories":[1090],"tags":[1255],"class_list":["post-29008","post","type-post","status-publish","format-standard","has-post-thumbnail","hentry","category-noticias","tag-quanetperdisalbosc-es-2"],"_links":{"self":[{"href":"https:\/\/fundaciosetba.org\/es\/wp-json\/wp\/v2\/posts\/29008","targetHints":{"allow":["GET"]}}],"collection":[{"href":"https:\/\/fundaciosetba.org\/es\/wp-json\/wp\/v2\/posts"}],"about":[{"href":"https:\/\/fundaciosetba.org\/es\/wp-json\/wp\/v2\/types\/post"}],"author":[{"embeddable":true,"href":"https:\/\/fundaciosetba.org\/es\/wp-json\/wp\/v2\/users\/1"}],"replies":[{"embeddable":true,"href":"https:\/\/fundaciosetba.org\/es\/wp-json\/wp\/v2\/comments?post=29008"}],"version-history":[{"count":1,"href":"https:\/\/fundaciosetba.org\/es\/wp-json\/wp\/v2\/posts\/29008\/revisions"}],"predecessor-version":[{"id":31005,"href":"https:\/\/fundaciosetba.org\/es\/wp-json\/wp\/v2\/posts\/29008\/revisions\/31005"}],"wp:featuredmedia":[{"embeddable":true,"href":"https:\/\/fundaciosetba.org\/es\/wp-json\/wp\/v2\/media\/27420"}],"wp:attachment":[{"href":"https:\/\/fundaciosetba.org\/es\/wp-json\/wp\/v2\/media?parent=29008"}],"wp:term":[{"taxonomy":"category","embeddable":true,"href":"https:\/\/fundaciosetba.org\/es\/wp-json\/wp\/v2\/categories?post=29008"},{"taxonomy":"post_tag","embeddable":true,"href":"https:\/\/fundaciosetba.org\/es\/wp-json\/wp\/v2\/tags?post=29008"}],"curies":[{"name":"wp","href":"https:\/\/api.w.org\/{rel}","templated":true}]}}