{"id":29012,"date":"2015-06-10T00:00:00","date_gmt":"2015-06-09T23:00:00","guid":{"rendered":"https:\/\/fundaciosetba.org\/el-otro-raval\/"},"modified":"2022-04-12T09:14:05","modified_gmt":"2022-04-12T08:14:05","slug":"el-otro-raval","status":"publish","type":"post","link":"https:\/\/fundaciosetba.org\/es\/el-otro-raval\/","title":{"rendered":"El otro Raval"},"content":{"rendered":"<h2>El otro Raval<\/h2>\n<h4>Del 11 de junio al 10 de septiembre de 2015<\/h4>\n<p>&nbsp;<\/p>\n<p><strong>La Fundaci\u00f3n Setba presenta El otro Raval, una muestra fotogr\u00e1fica de la prestigiosa artista Maria Espeus.<\/strong><\/p>\n<p>Maria Espeus fue la fot\u00f3grafa oficial de los Juegos Ol\u00edmpicos de 1992 y ha retratado a personalidades del mundo de la cultura y la pol\u00edtica. Ha trabajado en el mundo de la publicidad, editorial, institucional y ha colaborado en cine como directora de fotograf\u00eda con Manuel Huerga y Carles Bosch.<\/p>\n<p>Sus obras son fotograf\u00edas de estudio. No se considera foto periodista, sino que ella prepara minuciosamente tanto el escenario como el objeto o persona retratada. Nada es casual, todo est\u00e1 previsto y medido. A pesar de esta exactitud y minuciosidad, sus fotograf\u00edas son c\u00e1lidas y llenas de sensibilidad y emoci\u00f3n.<\/p>\n<p><em>El otro Raval r<\/em>eflexiona sobre el cambio experimentado en este barrio barcelon\u00e9s los \u00faltimos tiempos, con la llegada de inmigrantes de diferentes nacionalidades y culturas. La muestra est\u00e1 compuesta por una treintena de fotograf\u00edas de gran formato, montadas sobre bastidor.<\/p>\n<p><a title=\"L'altre Raval\" href=\"https:\/\/www.flickr.com\/photos\/fundaciosetba\/albums\/72157655286019418\" data-flickr-embed=\"true\"><img loading=\"lazy\" decoding=\"async\" src=\"https:\/\/fundaciosetba.org\/wp-content\/uploads\/2021\/12\/19386007788_2da522d9bb_z.jpg\" alt='L'altre Raval\" width=\"640\" height=\"407\" \/><\/a><script src=\"\/\/embedr.flickr.com\/assets\/client-code.js\" async=\"\" charset=\"utf-8\"><\/script><\/p>\n","protected":false},"excerpt":{"rendered":"<p>La Fundaci\u00f3n Setba presenta El otro Raval, una muestra fotogr\u00e1fica de la prestigiosa artista Maria Espeus.<\/p>\n","protected":false},"author":1,"featured_media":29009,"comment_status":"closed","ping_status":"closed","sticky":false,"template":"","format":"standard","meta":{"footnotes":""},"categories":[1090],"tags":[1297],"class_list":["post-29012","post","type-post","status-publish","format-standard","has-post-thumbnail","hentry","category-noticias","tag-laltreraval-es-2"],"_links":{"self":[{"href":"https:\/\/fundaciosetba.org\/es\/wp-json\/wp\/v2\/posts\/29012","targetHints":{"allow":["GET"]}}],"collection":[{"href":"https:\/\/fundaciosetba.org\/es\/wp-json\/wp\/v2\/posts"}],"about":[{"href":"https:\/\/fundaciosetba.org\/es\/wp-json\/wp\/v2\/types\/post"}],"author":[{"embeddable":true,"href":"https:\/\/fundaciosetba.org\/es\/wp-json\/wp\/v2\/users\/1"}],"replies":[{"embeddable":true,"href":"https:\/\/fundaciosetba.org\/es\/wp-json\/wp\/v2\/comments?post=29012"}],"version-history":[{"count":1,"href":"https:\/\/fundaciosetba.org\/es\/wp-json\/wp\/v2\/posts\/29012\/revisions"}],"predecessor-version":[{"id":31058,"href":"https:\/\/fundaciosetba.org\/es\/wp-json\/wp\/v2\/posts\/29012\/revisions\/31058"}],"wp:featuredmedia":[{"embeddable":true,"href":"https:\/\/fundaciosetba.org\/es\/wp-json\/wp\/v2\/media\/29009"}],"wp:attachment":[{"href":"https:\/\/fundaciosetba.org\/es\/wp-json\/wp\/v2\/media?parent=29012"}],"wp:term":[{"taxonomy":"category","embeddable":true,"href":"https:\/\/fundaciosetba.org\/es\/wp-json\/wp\/v2\/categories?post=29012"},{"taxonomy":"post_tag","embeddable":true,"href":"https:\/\/fundaciosetba.org\/es\/wp-json\/wp\/v2\/tags?post=29012"}],"curies":[{"name":"wp","href":"https:\/\/api.w.org\/{rel}","templated":true}]}}