{"id":29029,"date":"2015-09-23T00:00:00","date_gmt":"2015-09-22T23:00:00","guid":{"rendered":"https:\/\/fundaciosetba.org\/de-la-sombra-a-la-luz-2015\/"},"modified":"2022-04-12T09:31:05","modified_gmt":"2022-04-12T08:31:05","slug":"de-la-sombra-a-la-luz-2015","status":"publish","type":"post","link":"https:\/\/fundaciosetba.org\/es\/de-la-sombra-a-la-luz-2015\/","title":{"rendered":"De la sombra a la luz 2015"},"content":{"rendered":"<p>Por tercer a\u00f1o consecutivo, la Fundaci\u00f3n Setba organiza un taller art\u00edstico para mujeres que han sufrido violencia machista. Este a\u00f1o, la actividad ir\u00e1 a cargo del terapeuta Ventura Camacho y se centrar\u00e1 en la fotograf\u00eda.<\/p>\n<p>El taller, que dura 8 semanas, cuenta con una decena de asistentes y es un recorrido simb\u00f3lico <strong>de la sombra a la luz<\/strong>, del inmovilismo al movimiento, de sentirse anulada a empoderarse y tomar las riendas para recorrer\u00a0el camino.<\/p>\n<p>A trav\u00e9s de met\u00e1foras fotogr\u00e1ficas se establece un paralelismo con un &#8220;proceso de cambio &#8220;(ESTADO ACTUAL \/ OBJETIVO \/ PLAN DE ACCI\u00d3N \/ ACCI\u00d3N \/ ESTADO<br \/>\nDESEADO -coaching-). Los ejercicios del taller ayudan a reflexionar sobre c\u00f3mo tomar las riendas de nuestra vida y lo que se mueve en nuestro interior, emociones, conflictos, etc.<\/p>\n<p>El 27 de noviembre, v\u00edspera del<em> D\u00eda Internacional contra la Violencia en hacia\u00a0las Mujeres<\/em>, se realiza una acci\u00f3n en la calle para buscar complicidades y dar visibilidad a esta lacra.<\/p>\n<p><img decoding=\"async\" class=\"alignleft size-large wp-image-9842\" src=\"https:\/\/fundaciosetba.org\/wp-content\/uploads\/2021\/12\/Carrer-22-1024x683.jpg\" alt='De l'ombra a la llum\" width=\"100%\" height=\"100%\" \/><\/p>\n","protected":false},"excerpt":{"rendered":"<p>Por tercer a\u00f1o consecutivo, la Fundaci\u00f3n Setba organiza un taller art\u00edstico para mujeres que han sufrido violencia machista.<\/p>\n","protected":false},"author":1,"featured_media":0,"comment_status":"closed","ping_status":"closed","sticky":false,"template":"","format":"standard","meta":{"footnotes":""},"categories":[1090],"tags":[],"class_list":["post-29029","post","type-post","status-publish","format-standard","hentry","category-noticias"],"_links":{"self":[{"href":"https:\/\/fundaciosetba.org\/es\/wp-json\/wp\/v2\/posts\/29029","targetHints":{"allow":["GET"]}}],"collection":[{"href":"https:\/\/fundaciosetba.org\/es\/wp-json\/wp\/v2\/posts"}],"about":[{"href":"https:\/\/fundaciosetba.org\/es\/wp-json\/wp\/v2\/types\/post"}],"author":[{"embeddable":true,"href":"https:\/\/fundaciosetba.org\/es\/wp-json\/wp\/v2\/users\/1"}],"replies":[{"embeddable":true,"href":"https:\/\/fundaciosetba.org\/es\/wp-json\/wp\/v2\/comments?post=29029"}],"version-history":[{"count":1,"href":"https:\/\/fundaciosetba.org\/es\/wp-json\/wp\/v2\/posts\/29029\/revisions"}],"predecessor-version":[{"id":31145,"href":"https:\/\/fundaciosetba.org\/es\/wp-json\/wp\/v2\/posts\/29029\/revisions\/31145"}],"wp:attachment":[{"href":"https:\/\/fundaciosetba.org\/es\/wp-json\/wp\/v2\/media?parent=29029"}],"wp:term":[{"taxonomy":"category","embeddable":true,"href":"https:\/\/fundaciosetba.org\/es\/wp-json\/wp\/v2\/categories?post=29029"},{"taxonomy":"post_tag","embeddable":true,"href":"https:\/\/fundaciosetba.org\/es\/wp-json\/wp\/v2\/tags?post=29029"}],"curies":[{"name":"wp","href":"https:\/\/api.w.org\/{rel}","templated":true}]}}