{"id":29030,"date":"2015-10-01T00:00:00","date_gmt":"2015-09-30T23:00:00","guid":{"rendered":"https:\/\/fundaciosetba.org\/bar-residents-talk\/"},"modified":"2022-04-12T09:01:48","modified_gmt":"2022-04-12T08:01:48","slug":"bar-residents-talk","status":"publish","type":"post","link":"https:\/\/fundaciosetba.org\/es\/bar-residents-talk\/","title":{"rendered":"BAR residents talk"},"content":{"rendered":"<p>En el marco del <a href=\"http:\/\/www.barcelonagalleryweekend.com\/\" target=\"_blank\" rel=\"noopener\">Barcelona Gallery Weekend<\/a>, el viernes 2 de octubre a las 17:30h, acogemos el pr\u00f3ximo <strong>BAR residents talk<\/strong>.<\/p>\n<p><strong><a href=\"http:\/\/barproject.net\/\" target=\"_blank\" rel=\"noopener\">BAR project<\/a><\/strong> es una organizaci\u00f3n sin \u00e1nimo de lucro, independiente y m\u00f3vil, dedicada a promover el intercambio art\u00edstico a trav\u00e9s de residencias, colaboraciones locales, nacionales e internacionales y el desarrollo de un programa p\u00fablico que surge de proyectos curatoriales y de investigaci\u00f3n.<\/p>\n<p><img loading=\"lazy\" decoding=\"async\" class=\"aligncenter size-full wp-image-7513\" src=\"https:\/\/fundaciosetba.org\/wp-content\/uploads\/2021\/12\/Bar-Project.jpg\" alt='Bar Project' width=\"700\" height=\"394\" \/><\/p>\n<p>Las artistas Alex Martinis Rose (AUS), Gaby Felten (NY) y la comisaria Maja Cirici (CS) en residencia hasta finales de noviembre, presentar\u00e1n su pr\u00e1ctica e introducir\u00e1n los proyectos que est\u00e1n desarrollando en Barcelona.<\/p>\n<p>&nbsp;<\/p>\n","protected":false},"excerpt":{"rendered":"<p>En el marco del Barcelona Gallery Weekend, el viernes 2 de octubre a las 17:30h, acogemos el pr\u00f3ximo BAR residentes talk.<\/p>\n","protected":false},"author":1,"featured_media":27348,"comment_status":"closed","ping_status":"closed","sticky":false,"template":"","format":"standard","meta":{"footnotes":""},"categories":[1090],"tags":[1253],"class_list":["post-29030","post","type-post","status-publish","format-standard","has-post-thumbnail","hentry","category-noticias","tag-bcngalleryweekend15-es-2"],"_links":{"self":[{"href":"https:\/\/fundaciosetba.org\/es\/wp-json\/wp\/v2\/posts\/29030","targetHints":{"allow":["GET"]}}],"collection":[{"href":"https:\/\/fundaciosetba.org\/es\/wp-json\/wp\/v2\/posts"}],"about":[{"href":"https:\/\/fundaciosetba.org\/es\/wp-json\/wp\/v2\/types\/post"}],"author":[{"embeddable":true,"href":"https:\/\/fundaciosetba.org\/es\/wp-json\/wp\/v2\/users\/1"}],"replies":[{"embeddable":true,"href":"https:\/\/fundaciosetba.org\/es\/wp-json\/wp\/v2\/comments?post=29030"}],"version-history":[{"count":1,"href":"https:\/\/fundaciosetba.org\/es\/wp-json\/wp\/v2\/posts\/29030\/revisions"}],"predecessor-version":[{"id":31004,"href":"https:\/\/fundaciosetba.org\/es\/wp-json\/wp\/v2\/posts\/29030\/revisions\/31004"}],"wp:featuredmedia":[{"embeddable":true,"href":"https:\/\/fundaciosetba.org\/es\/wp-json\/wp\/v2\/media\/27348"}],"wp:attachment":[{"href":"https:\/\/fundaciosetba.org\/es\/wp-json\/wp\/v2\/media?parent=29030"}],"wp:term":[{"taxonomy":"category","embeddable":true,"href":"https:\/\/fundaciosetba.org\/es\/wp-json\/wp\/v2\/categories?post=29030"},{"taxonomy":"post_tag","embeddable":true,"href":"https:\/\/fundaciosetba.org\/es\/wp-json\/wp\/v2\/tags?post=29030"}],"curies":[{"name":"wp","href":"https:\/\/api.w.org\/{rel}","templated":true}]}}