{"id":29136,"date":"2017-01-31T00:00:00","date_gmt":"2017-01-30T23:00:00","guid":{"rendered":"https:\/\/fundaciosetba.org\/proyecto-interactivo-la-memoria-de-la-plaza\/"},"modified":"2017-01-31T00:00:00","modified_gmt":"2017-01-30T23:00:00","slug":"proyecto-interactivo-la-memoria-de-la-plaza","status":"publish","type":"post","link":"https:\/\/fundaciosetba.org\/es\/proyecto-interactivo-la-memoria-de-la-plaza\/","title":{"rendered":"Proyecto interactivo La memoria de la plaza"},"content":{"rendered":"<h6><strong>La memoria de la plaza<\/strong><\/h6>\n<p>El proyecto<strong><em> La Memoria de la plaza<\/em> <\/strong>se inici\u00f3 en 2012 con la intenci\u00f3n de recuperar la historia de la Plaza Real, sobre todo a partir del recuerdo de la gente que vive en este lugar y tambi\u00e9n de los establecimientos que hay\u00a0o que hubo anta\u00f1o.<\/p>\n<p>La primera edici\u00f3n del proyecto, en 2012, se centr\u00f3 en l<a href=\"https:\/\/fundaciosetba.org\/es\/la-memoria-de-la-plaza\/\" target=\"_blank\" rel=\"noopener\">a plaza, en general<\/a>; la segunda, en la m\u00edtica <a href=\"https:\/\/fundaciosetba.org\/es\/el-taxidermista\/\" target=\"_blank\" rel=\"noopener\">tienda de taxidermia Soler i Pujol;<\/a> la tercera, en la historia del local que alberg\u00f3 la primera rotativa de <a href=\"https:\/\/fundaciosetba.org\/es\/de-la-vanguardia-al-sidecar\/\" target=\"_blank\" rel=\"noopener\">La Vanguardia,<\/a> el actual Sidecar; en 2015, en la figura de <a href=\"https:\/\/fundaciosetba.org\/es\/la-magia-de-la-real\/\" target=\"_blank\" rel=\"noopener\">Fructuoso Canonge<\/a>, un limpiabotas que se convirti\u00f3 en un famoso prestidigitador; y este a\u00f1o, en la m\u00edtica cava de jazz <a href=\"https:\/\/fundaciosetba.org\/es\/negra-y-real\/\" target=\"_blank\" rel=\"noopener\">Jamboree<\/a>.<\/p>\n<p>As\u00ed hemos ido recogiendo, en formato audiovisual, una serie de relatos de vecinos, historiadores y personas vinculadas a la plaza que nos han ayudado a recuperar y conservar su\u00a0memoria hist\u00f3rica.<\/p>\n<p><img loading=\"lazy\" decoding=\"async\" class=\"alignleft size-full wp-image-13632\" src=\"https:\/\/fundaciosetba.org\/wp-content\/uploads\/2021\/12\/jsw_15_plaza_real_barcelona_1_copy.jpg\" alt='jsw_15_plaza_real,_barcelona_1_copy' width=\"500\" height=\"332\" \/><\/p>\n<h6><\/h6>\n<h6>Proyecto interactivo<\/h6>\n<p>El objetivo del proyecto interactivo <strong><em>La memoria de la plaza<\/em><\/strong> es que todo el material que la Fundaci\u00f3n Setba ha ido recogiendo estos a\u00f1os (fotos, material de archivo, testimonios de vecinos, historiadores y comerciantes &#8230;) est\u00e9 al alcance de todos. Crear un archivo online con todos estos documentos, organizados y clasificados por locales.<\/p>\n<p>Como el Pati Llimona, para este proyecto (que ver\u00e1 la luz a lo largo de este 2017, d\u00e9cimo aniversario de Setba) tambi\u00e9n nos gustar\u00eda contar con la colaboraci\u00f3n de todo aquel quien quiera\u00a0la Plaza Real y la sienta un poco suya.<\/p>\n<p>&nbsp;<\/p>\n","protected":false},"excerpt":{"rendered":"<p>El objetivo del proyecto interactivo La memoria de la plaza es que todo el material que la Fundaci\u00f3n Setba ha ido recogiendo estos a\u00f1os (fotos, material de archivo, testimonios de vecinos, historiadores y comerciantes &#8230;) est\u00e9 al alcance de todos.<\/p>\n","protected":false},"author":1,"featured_media":27044,"comment_status":"closed","ping_status":"closed","sticky":false,"template":"","format":"standard","meta":{"footnotes":""},"categories":[1090],"tags":[1042],"class_list":["post-29136","post","type-post","status-publish","format-standard","has-post-thumbnail","hentry","category-noticias","tag-interactiu"],"_links":{"self":[{"href":"https:\/\/fundaciosetba.org\/es\/wp-json\/wp\/v2\/posts\/29136","targetHints":{"allow":["GET"]}}],"collection":[{"href":"https:\/\/fundaciosetba.org\/es\/wp-json\/wp\/v2\/posts"}],"about":[{"href":"https:\/\/fundaciosetba.org\/es\/wp-json\/wp\/v2\/types\/post"}],"author":[{"embeddable":true,"href":"https:\/\/fundaciosetba.org\/es\/wp-json\/wp\/v2\/users\/1"}],"replies":[{"embeddable":true,"href":"https:\/\/fundaciosetba.org\/es\/wp-json\/wp\/v2\/comments?post=29136"}],"version-history":[{"count":0,"href":"https:\/\/fundaciosetba.org\/es\/wp-json\/wp\/v2\/posts\/29136\/revisions"}],"wp:featuredmedia":[{"embeddable":true,"href":"https:\/\/fundaciosetba.org\/es\/wp-json\/wp\/v2\/media\/27044"}],"wp:attachment":[{"href":"https:\/\/fundaciosetba.org\/es\/wp-json\/wp\/v2\/media?parent=29136"}],"wp:term":[{"taxonomy":"category","embeddable":true,"href":"https:\/\/fundaciosetba.org\/es\/wp-json\/wp\/v2\/categories?post=29136"},{"taxonomy":"post_tag","embeddable":true,"href":"https:\/\/fundaciosetba.org\/es\/wp-json\/wp\/v2\/tags?post=29136"}],"curies":[{"name":"wp","href":"https:\/\/api.w.org\/{rel}","templated":true}]}}