{"id":29138,"date":"2017-02-13T00:00:00","date_gmt":"2017-02-12T23:00:00","guid":{"rendered":"https:\/\/fundaciosetba.org\/yo-tambien-soy-del-barrio\/"},"modified":"2022-04-12T08:53:54","modified_gmt":"2022-04-12T07:53:54","slug":"yo-tambien-soy-del-barrio","status":"publish","type":"post","link":"https:\/\/fundaciosetba.org\/es\/yo-tambien-soy-del-barrio\/","title":{"rendered":"Yo tambi\u00e9n soy del barrio"},"content":{"rendered":"<h5>Del 2 al 17 de marzo de 2017<\/h5>\n<p><em>Yo tambi\u00e9n soy del barrio DE GIRA\/ON TOUR <\/em>es un proyecto de arte comunitario que investiga la relaci\u00f3n entre arte, sociedad e internamiento. Impulsado desde 2014 por el artista Alter Krapp y la Fundaci\u00f3 Aut\u00f3noma Solidaria, con la colaboraci\u00f3n del Departamento de Justicia de la Generalitat de Catalu\u00f1a, el proyecto ha consistido en diferentes incursiones y visitas en los centros penitenciarios y de justicia juvenil.<\/p>\n<div style=\"padding: 1px; width: 35%; float: left; text-align: justify;\"><img loading=\"lazy\" decoding=\"async\" class=\"alignleft wp-image-13671\" src=\"https:\/\/fundaciosetba.org\/wp-content\/uploads\/2017\/02\/invitaci\u00f3-yo-tambi\u00e9n-soy-del-barrio.jpg\" alt=\"invitaci\u00f3-yo tambi\u00e9n soy del barrio\" width=\"375\" height=\"533\" \/><\/div>\n<div style=\"padding: 20px; float: left; width: 65%; text-align: justify;\">\n<p>Las premisas del proyecto se enmarcan en el m\u00e1s amplio debate sobre el Arte Bruto (tambi\u00e9n Raw Arte, Outsider Art o Prison Art), que se inicia hace m\u00e1s de cincuenta a\u00f1os con el artista franc\u00e9s Jean Dubuffet. A partir de estas aproximaciones, <em> Yo tambi\u00e9n soy del barrio <\/em> reivindica el potencial creativo de cada ser humano, al margen de sus condiciones personales y sus capacidades t\u00e9cnicas. Desde una vertiente comunitaria, en cambio, <em> Yo tambi\u00e9n soy del barrio <\/em> pretende dar a conocer las obras de menores y j\u00f3venes internos y abrir, de este modo, una ventana a un mundo a menudo desconocido por la mayor parte de la ciudadan\u00eda.<\/p>\n<p>La exposici\u00f3n\u00a0muestra los resultados del laboratorio de pintura creativa realizado entre 2014 y 2015 en el Centro Educativo de Justicia Can Llupi\u00e0, donde m\u00e1s de cincuenta j\u00f3venes participaron de la creaci\u00f3n de unos collages y de la obra de grandes dimensiones: <em> En Busca de una Ciudad Mejor. <\/em> la obra refleja el proceso creativo compartido entre los j\u00f3venes internos, el equipo docente y personas profesionales del centro, los voluntarios y voluntarias de la Fundaci\u00f3n Aut\u00f3noma Solidaria y el artista Alter Krapp. Junto con este material, la exposici\u00f3n presenta por primera vez algunas obras gr\u00e1ficas y collages de peque\u00f1o formato realizadas durante 2016 en los centros educativos de justicia juvenil Oriol Badia y Els Til\u00b7lers.<\/p>\n<\/div>\n<p>Todas las obras gr\u00e1ficas pertenecen a <strong> MAID IN PRISON <\/strong>una colecci\u00f3n de acceso abierto que pretende dar voz a las visiones de colectivos impropios de los circuitos tradicionales de arte, tales como autodidactas, internas en hospitales psiqui\u00e1tricos y centros penitenciarios o j\u00f3venes internas en centros de justicia. La colecci\u00f3n podr\u00e1 consultarse pr\u00f3ximamente en el Dep\u00f3sito Digital de Documentos de la Universidad Aut\u00f3noma de Barcelona, la herramienta a partir de la cual se recopila, gestiona, difunde y preserva la producci\u00f3n institucional de la universidad.<\/p>\n","protected":false},"excerpt":{"rendered":"<p>Exposici\u00f3n de la Fundaci\u00f3n Aut\u00f3noma Solidaria sobre el proceso creativo desde los centros penitenciarios.<\/p>\n","protected":false},"author":1,"featured_media":0,"comment_status":"closed","ping_status":"closed","sticky":false,"template":"","format":"standard","meta":{"footnotes":""},"categories":[1090],"tags":[1043],"class_list":["post-29138","post","type-post","status-publish","format-standard","hentry","category-noticias","tag-delbarri"],"_links":{"self":[{"href":"https:\/\/fundaciosetba.org\/es\/wp-json\/wp\/v2\/posts\/29138","targetHints":{"allow":["GET"]}}],"collection":[{"href":"https:\/\/fundaciosetba.org\/es\/wp-json\/wp\/v2\/posts"}],"about":[{"href":"https:\/\/fundaciosetba.org\/es\/wp-json\/wp\/v2\/types\/post"}],"author":[{"embeddable":true,"href":"https:\/\/fundaciosetba.org\/es\/wp-json\/wp\/v2\/users\/1"}],"replies":[{"embeddable":true,"href":"https:\/\/fundaciosetba.org\/es\/wp-json\/wp\/v2\/comments?post=29138"}],"version-history":[{"count":1,"href":"https:\/\/fundaciosetba.org\/es\/wp-json\/wp\/v2\/posts\/29138\/revisions"}],"predecessor-version":[{"id":30973,"href":"https:\/\/fundaciosetba.org\/es\/wp-json\/wp\/v2\/posts\/29138\/revisions\/30973"}],"wp:attachment":[{"href":"https:\/\/fundaciosetba.org\/es\/wp-json\/wp\/v2\/media?parent=29138"}],"wp:term":[{"taxonomy":"category","embeddable":true,"href":"https:\/\/fundaciosetba.org\/es\/wp-json\/wp\/v2\/categories?post=29138"},{"taxonomy":"post_tag","embeddable":true,"href":"https:\/\/fundaciosetba.org\/es\/wp-json\/wp\/v2\/tags?post=29138"}],"curies":[{"name":"wp","href":"https:\/\/api.w.org\/{rel}","templated":true}]}}