{"id":29164,"date":"2017-07-21T00:00:00","date_gmt":"2017-07-20T23:00:00","guid":{"rendered":"https:\/\/fundaciosetba.org\/arquitecturas\/"},"modified":"2022-04-12T08:51:06","modified_gmt":"2022-04-12T07:51:06","slug":"arquitecturas","status":"publish","type":"post","link":"https:\/\/fundaciosetba.org\/es\/arquitecturas\/","title":{"rendered":"Arquitecturas"},"content":{"rendered":"<h5>Del 21 de septiembre al 18 de noviembre de 2017<\/h5>\n<p>La exposici\u00f3n se centra en los edificios de tres arquitectos catalanes de renombre que ser\u00e1n interpretados por tres artistas pl\u00e1sticos:<\/p>\n<p><strong>Los edificios de Via Augusta \/ Brusi \/ San El\u00edas, <\/strong>en Barcelona, dise\u00f1ados por<strong>\u00a0Antoni de Moragas<\/strong>\u00a0entre 1964 y\u00a01970, que ser\u00e1n interpretados por la artista\u00a0<strong>S\u00edlvia Mart\u00ednez-Palou.<\/strong><\/p>\n<p><strong>La Ricarda<\/strong>, del Prat de Llobregat, ideada por\u00a0<strong>Antoni Bonet<\/strong>\u00a0entre 1949 y\u00a01962, e interpretada por\u00a0<strong>Bea Sarrias.<\/strong><\/p>\n<p>El\u00a0<strong>Auditori Alfredo Kraus\u00a0<\/strong>d\u2019<strong>Oscar Tusquets<\/strong>, en\u00a0las Palmas de Gran Canaria, edificado entre 1992 y\u00a01997, e\u00a0interpretado por el mismo arquitecto.<\/p>\n<p><img loading=\"lazy\" decoding=\"async\" class=\"size-thumbnail wp-image-14700\" src=\"https:\/\/fundaciosetba.org\/wp-content\/uploads\/2017\/07\/catal\u00e0-roca_6380_brusi-172x172.jpg\" alt='' width=\"192\" height=\"192\" \/><img loading=\"lazy\" decoding=\"async\" class=\"size-thumbnail wp-image-14700\" src=\"https:\/\/fundaciosetba.org\/wp-content\/uploads\/2021\/12\/Sillo\u0301n-ocre-en-la-Ricarda-120x120cm-172x172.jpg\" alt='' width=\"192\" height=\"192\" \/><img loading=\"lazy\" decoding=\"async\" class=\"size-thumbnail wp-image-14700\" src=\"https:\/\/fundaciosetba.org\/wp-content\/uploads\/2021\/12\/Auditori-172x172.jpg\" alt='' width=\"192\" height=\"192\" \/><img loading=\"lazy\" decoding=\"async\" class=\"size-thumbnail wp-image-14700\" src=\"https:\/\/fundaciosetba.org\/wp-content\/uploads\/2017\/07\/la-ricarda_maspons-ubi\u00f1a_1965-2-172x172.jpg\" alt='' width=\"192\" height=\"192\" \/><img loading=\"lazy\" decoding=\"async\" class=\"size-thumbnail wp-image-14700\" src=\"https:\/\/fundaciosetba.org\/wp-content\/uploads\/2021\/12\/Reflejo-172x172.jpg\" alt='' width=\"192\" height=\"192\" \/><\/p>\n<p>Adem\u00e1s se mostrar\u00e1n varios reportajes fotogr\u00e1ficos de los edificios, dos de Catal\u00e1n-Roca, una de las butacas dise\u00f1adas por Bonet para La Ricarda, piezas dise\u00f1adas para Moragas, la maqueta del Auditorio Alfredo Kraus y mobiliario dise\u00f1ado por Tusquets.<\/p>\n<p>Un di\u00e1logo entre arquitectura, dise\u00f1o y arte, en colaboraci\u00f3n con el archivo del COAC (Colegio oficial de arquitectos de Catalu\u00f1a), que estar\u00e1 incluido en el festival de arquitectura 48H OPEN HOUSE BCN.<\/p>\n<p>&nbsp;<\/p>\n","protected":false},"excerpt":{"rendered":"<p>Un di\u00e0leg entre arquitectura, disseny i art, al voltant de l&#8217;obra de tres prestigiosos arquitectes catalans:  Moragas, Bonet i Tusquets.<\/p>\n","protected":false},"author":1,"featured_media":0,"comment_status":"closed","ping_status":"closed","sticky":false,"template":"","format":"standard","meta":{"footnotes":""},"categories":[1090],"tags":[1049],"class_list":["post-29164","post","type-post","status-publish","format-standard","hentry","category-noticias","tag-arquitectures"],"_links":{"self":[{"href":"https:\/\/fundaciosetba.org\/es\/wp-json\/wp\/v2\/posts\/29164","targetHints":{"allow":["GET"]}}],"collection":[{"href":"https:\/\/fundaciosetba.org\/es\/wp-json\/wp\/v2\/posts"}],"about":[{"href":"https:\/\/fundaciosetba.org\/es\/wp-json\/wp\/v2\/types\/post"}],"author":[{"embeddable":true,"href":"https:\/\/fundaciosetba.org\/es\/wp-json\/wp\/v2\/users\/1"}],"replies":[{"embeddable":true,"href":"https:\/\/fundaciosetba.org\/es\/wp-json\/wp\/v2\/comments?post=29164"}],"version-history":[{"count":1,"href":"https:\/\/fundaciosetba.org\/es\/wp-json\/wp\/v2\/posts\/29164\/revisions"}],"predecessor-version":[{"id":30961,"href":"https:\/\/fundaciosetba.org\/es\/wp-json\/wp\/v2\/posts\/29164\/revisions\/30961"}],"wp:attachment":[{"href":"https:\/\/fundaciosetba.org\/es\/wp-json\/wp\/v2\/media?parent=29164"}],"wp:term":[{"taxonomy":"category","embeddable":true,"href":"https:\/\/fundaciosetba.org\/es\/wp-json\/wp\/v2\/categories?post=29164"},{"taxonomy":"post_tag","embeddable":true,"href":"https:\/\/fundaciosetba.org\/es\/wp-json\/wp\/v2\/tags?post=29164"}],"curies":[{"name":"wp","href":"https:\/\/api.w.org\/{rel}","templated":true}]}}