{"id":29166,"date":"2017-08-31T00:00:00","date_gmt":"2017-08-30T23:00:00","guid":{"rendered":"https:\/\/fundaciosetba.org\/natura-escultura-2017\/"},"modified":"2022-04-12T08:50:54","modified_gmt":"2022-04-12T07:50:54","slug":"natura-escultura-2017","status":"publish","type":"post","link":"https:\/\/fundaciosetba.org\/es\/natura-escultura-2017\/","title":{"rendered":"Natura esCultura 2017"},"content":{"rendered":"<p><em>Natura esCultura\u00a0<\/em>es un proyecto ideado por la Fundaci\u00f3n Setba el a\u00f1o 2012. Se\u00a0trata de un\u00a0taller\u00a0creativo en\u00a0la naturaleza para personas que conviven con enfermedades\u00a0mentales, que quiere ser una herramienta de integraci\u00f3n social y concienciar sobre la importancia de preservar el medio ambiente. Tambi\u00e9n responde a la necesidad de dar un respiro a las familias de los usuarios y a ellos mismos, ya que no tienen muchas oportunidades de salir del entorno habitual.<\/p>\n<p>La principal novedad de este a\u00f1o es que, por primera vez, la Fundaci\u00f3n Setba ha creado una convocatoria abierta a entidades de Catalu\u00f1a que trabajan con salud mental para participar en el proyecto. Las entidades presentadas han entrado en un sorteo ante Mar\u00eda Dolores Gim\u00e9nez Arbona, Notario del Ilustre Colegio de Notarios de Catalu\u00f1a.<\/p>\n<p>Las cuatro seleccionadas son:\u00a0<strong>Associaci\u00f3 Ment i Salut La Muralla, Fundaci\u00f3 Els Tres Turons, El Tur\u00f3 Salut Mental\u00a0y Fundaci\u00f3 Privada Santa Teresa.<\/strong><\/p>\n<p><img loading=\"lazy\" decoding=\"async\" class=\"alignleft size-full wp-image-15083\" src=\"https:\/\/fundaciosetba.org\/wp-content\/uploads\/2017\/08\/Natura-\u00e9sCultura-2017.jpg\" alt=\"Natura \u00e9sCultura 2017\" width=\"4608\" height=\"2900\" \/><\/p>\n<p>Esta edici\u00f3n, y por primera vez, el taller se realiza en cuatro semanas, en un solo espacio, la residencia de artistas\u00a0<a href=\"http:\/\/www.calgras.cat\/\" target=\"_blank\" rel=\"noopener\">Cal Gras<\/a>\u00a0en Aviny\u00f3 (Bages) y bajo la direcci\u00f3n de un \u00fanico artista, Quim Moya.<\/p>\n<p><strong>Des de los cinco sentidos<\/strong><\/p>\n<p>Se trata de un taller art\u00edstico que tiene por objetivo la observaci\u00f3n de la naturaleza desde los 5 sentidos. Se crear\u00e1n piezas de arte (colectivas e individuales) a partir de la inspiraci\u00f3n con los elementos de la naturaleza. Se trabajar\u00e1 con materiales vegetales para la producci\u00f3n art\u00edstica, y se ense\u00f1ar\u00e1 a los participantes<strong> la t\u00e9cnica del collage y su evoluci\u00f3n durante\u00a0la historia del arte.<\/strong><\/p>\n<p>El mes de octubre, y por tercer a\u00f1o consecutivo, se mostrar\u00e1n las obras realizadas en los talleres, tanto las conjuntas como las individuales, <strong>en el Museo Comarcal de Manresa<\/strong>, en el marco del D\u00eda Mundial de la Salud Mental.<\/p>\n<p>&nbsp;<\/p>\n","protected":false},"excerpt":{"rendered":"<p>Sexta edici\u00f3 de este taller art\u00edstico en la naturaleza destinado a personas que conviven con la enfermedad mental.<\/p>\n","protected":false},"author":1,"featured_media":0,"comment_status":"closed","ping_status":"closed","sticky":false,"template":"","format":"standard","meta":{"footnotes":""},"categories":[1090],"tags":[],"class_list":["post-29166","post","type-post","status-publish","format-standard","hentry","category-noticias"],"_links":{"self":[{"href":"https:\/\/fundaciosetba.org\/es\/wp-json\/wp\/v2\/posts\/29166","targetHints":{"allow":["GET"]}}],"collection":[{"href":"https:\/\/fundaciosetba.org\/es\/wp-json\/wp\/v2\/posts"}],"about":[{"href":"https:\/\/fundaciosetba.org\/es\/wp-json\/wp\/v2\/types\/post"}],"author":[{"embeddable":true,"href":"https:\/\/fundaciosetba.org\/es\/wp-json\/wp\/v2\/users\/1"}],"replies":[{"embeddable":true,"href":"https:\/\/fundaciosetba.org\/es\/wp-json\/wp\/v2\/comments?post=29166"}],"version-history":[{"count":1,"href":"https:\/\/fundaciosetba.org\/es\/wp-json\/wp\/v2\/posts\/29166\/revisions"}],"predecessor-version":[{"id":30960,"href":"https:\/\/fundaciosetba.org\/es\/wp-json\/wp\/v2\/posts\/29166\/revisions\/30960"}],"wp:attachment":[{"href":"https:\/\/fundaciosetba.org\/es\/wp-json\/wp\/v2\/media?parent=29166"}],"wp:term":[{"taxonomy":"category","embeddable":true,"href":"https:\/\/fundaciosetba.org\/es\/wp-json\/wp\/v2\/categories?post=29166"},{"taxonomy":"post_tag","embeddable":true,"href":"https:\/\/fundaciosetba.org\/es\/wp-json\/wp\/v2\/tags?post=29166"}],"curies":[{"name":"wp","href":"https:\/\/api.w.org\/{rel}","templated":true}]}}