{"id":29167,"date":"2017-09-29T00:00:00","date_gmt":"2017-09-28T23:00:00","guid":{"rendered":"https:\/\/fundaciosetba.org\/exposicion-natura-escultura-2017\/"},"modified":"2022-04-12T08:50:15","modified_gmt":"2022-04-12T07:50:15","slug":"exposicion-natura-escultura-2017","status":"publish","type":"post","link":"https:\/\/fundaciosetba.org\/es\/exposicion-natura-escultura-2017\/","title":{"rendered":"Exposici\u00f3n Natura \u00e9sCultura 2017"},"content":{"rendered":"<h5><strong>Del 14\u00a0al 22 de octubre de 2017\u00a0en e<\/strong><strong>l Museo Comarcal de Manresa<\/strong><\/h5>\n<p>Por tecer a\u00f1o consecutivo la Fundaci\u00f3n Setba, expone las obras del proyecto\u00a0<em><a href=\"https:\/\/fundaciosetba.org\/es\/natura-escultura-2017\/\">Natura esCultura<\/a><\/em>\u00a0 en el Museo Comarcal de Manresa,\u00a0 para conmemorar el\u00a0D\u00eda Internacional de la Salud Mental.<\/p>\n<p>Un a\u00f1o m\u00e1s, el Ayuntamiento de Manresa se implica en este proyecto dirigido a personas que conviven con enfermedades mentales.<\/p>\n<p>Durante el mes de septiembre, una semana cada grupo, los participantes se han alojado y han realizado los talleres a <strong>Cal Gras<\/strong>, una residencia de artistas que funciona como un albergue.<\/p>\n<p><img loading=\"lazy\" decoding=\"async\" class=\"alignleft size-full wp-image-15236\" src=\"https:\/\/fundaciosetba.org\/wp-content\/uploads\/2021\/12\/Dimecres-45.jpg\" alt='Dimecres-45' width=\"4030\" height=\"2682\" \/><\/p>\n<p>El taller art\u00edstico de este a\u00f1o ha consistido en la observaci\u00f3n de la naturaleza desde los 5 sentidos para crear piezas de arte (colectivas e individuales) a partir de la inspiraci\u00f3n con los elementos del entorno.<\/p>\n<p>Los participantes han trabajado con materiales vegetales para la producci\u00f3n art\u00edstica, y han aprendido <strong>la t\u00e9cnica del collage y su evoluci\u00f3n en la historia del arte.<\/strong><\/p>\n<p>La inauguraci\u00f3n tendr\u00e1 lugar en el Museo de Manresa el s\u00e1bado 14 de octubre y contar\u00e1 con las obras realizadas por los participantes de <strong>Associaci\u00f3 Ment i Salut La Muralla, Fundaci\u00f3 Els Tres Turons, El Tur\u00f3 Salut Mental y\u00a0Fundaci\u00f3 Privada Santa Teresa.<\/strong><\/p>\n<p><strong>Lugar: <\/strong><a href=\"https:\/\/www.google.es\/maps\/place\/museu+comarcal+de+manresa\/@41.7246136,1.8297895,15z\/data=!4m2!3m1!1s0x0:0x92e927dcc093e3a?sa=X&amp;ved=0CHIQ_BIwCmoVChMI5vejueKyyAIVwdkaCh0r9gms\" target=\"_blank\" rel=\"noopener\">Museo Comarcal de Manresa<\/a><\/p>\n","protected":false},"excerpt":{"rendered":"<p>Exposici\u00f3n de las obras del Natura escultura 2017 en el Museo Comarcal de Manresa.<\/p>\n","protected":false},"author":1,"featured_media":26953,"comment_status":"closed","ping_status":"closed","sticky":false,"template":"","format":"standard","meta":{"footnotes":""},"categories":[1090],"tags":[1046],"class_list":["post-29167","post","type-post","status-publish","format-standard","has-post-thumbnail","hentry","category-noticias","tag-naturaescultura17"],"_links":{"self":[{"href":"https:\/\/fundaciosetba.org\/es\/wp-json\/wp\/v2\/posts\/29167","targetHints":{"allow":["GET"]}}],"collection":[{"href":"https:\/\/fundaciosetba.org\/es\/wp-json\/wp\/v2\/posts"}],"about":[{"href":"https:\/\/fundaciosetba.org\/es\/wp-json\/wp\/v2\/types\/post"}],"author":[{"embeddable":true,"href":"https:\/\/fundaciosetba.org\/es\/wp-json\/wp\/v2\/users\/1"}],"replies":[{"embeddable":true,"href":"https:\/\/fundaciosetba.org\/es\/wp-json\/wp\/v2\/comments?post=29167"}],"version-history":[{"count":1,"href":"https:\/\/fundaciosetba.org\/es\/wp-json\/wp\/v2\/posts\/29167\/revisions"}],"predecessor-version":[{"id":30957,"href":"https:\/\/fundaciosetba.org\/es\/wp-json\/wp\/v2\/posts\/29167\/revisions\/30957"}],"wp:featuredmedia":[{"embeddable":true,"href":"https:\/\/fundaciosetba.org\/es\/wp-json\/wp\/v2\/media\/26953"}],"wp:attachment":[{"href":"https:\/\/fundaciosetba.org\/es\/wp-json\/wp\/v2\/media?parent=29167"}],"wp:term":[{"taxonomy":"category","embeddable":true,"href":"https:\/\/fundaciosetba.org\/es\/wp-json\/wp\/v2\/categories?post=29167"},{"taxonomy":"post_tag","embeddable":true,"href":"https:\/\/fundaciosetba.org\/es\/wp-json\/wp\/v2\/tags?post=29167"}],"curies":[{"name":"wp","href":"https:\/\/api.w.org\/{rel}","templated":true}]}}