{"id":29168,"date":"2017-09-27T00:00:00","date_gmt":"2017-09-26T23:00:00","guid":{"rendered":"https:\/\/fundaciosetba.org\/de-la-sombra-a-la-luz-2017\/"},"modified":"2022-04-12T08:50:30","modified_gmt":"2022-04-12T07:50:30","slug":"de-la-sombra-a-la-luz-2017","status":"publish","type":"post","link":"https:\/\/fundaciosetba.org\/es\/de-la-sombra-a-la-luz-2017\/","title":{"rendered":"De la sombra a la luz 2017"},"content":{"rendered":"<p>Un a\u00f1o m\u00e1s, Ventura Camacho dirige este taller orientado a mujeres que han sufrido violencia de g\u00e9nero, para trazar un camino hacia la luz, tomando la fotograf\u00eda como herramienta terap\u00e9utica.<\/p>\n<p>Este a\u00f1o, el taller se realiza en el Espacio Catal\u00e0n-Roca, que cede sus instalaciones a la Fundaci\u00f3n Setba durante el \u00faltimo trimestre de 2017.<\/p>\n<p>Para la quinta edici\u00f3n de este proyecto, la tercera en la que el taller se vehicula a trav\u00e9s de la fotograf\u00eda, contaremos con la colaboraci\u00f3n de la fot\u00f3grafa <strong>Mar\u00eda Espeus<\/strong>, Premio Nacional de Cultura 2017 del CoNCA.<\/p>\n<p>Durante los meses de noviembre y diciembre, varios espacios (Casa Elizalde, el Foyer del Liceu y el Intercambiador del metro Diagonal) acoger\u00e1n <strong>una exposici\u00f3n de fotograf\u00edas, realizadas por Espeus,\u00a0de mujeres que han sufrido situaciones de violencia machista y que quieren dar la cara.<\/strong><\/p>\n<figure id=\"attachment_15157\" aria-describedby=\"caption-attachment-15157\" style=\"width: 5472px\" class=\"wp-caption alignleft\"><img loading=\"lazy\" decoding=\"async\" class=\"size-full wp-image-15157\" src=\"https:\/\/fundaciosetba.org\/wp-content\/uploads\/2021\/12\/IMG_3266.jpg\" alt='Participants edici\u00f3 2016' width=\"5472\" height=\"3648\" \/><figcaption id=\"caption-attachment-15157\" class=\"wp-caption-text\">Participantes edici\u00f3n 2016<br \/>\u00a9 Ventura Camacho Rodr\u00edguez<\/figcaption><\/figure>\n<p>Un a\u00f1o m\u00e1s, como clausura\u00a0y en el marco del\u00a0<em>D\u00eda Internacional contra la Violencia\u00a0hacia\u00a0las Mujeres<\/em>, el 25N se\u00a0realizar\u00e1 una acci\u00f3n en la calle para buscar complicidades y dar visibilidad a esta lacra.<\/p>\n<p>Adem\u00e1s, una vez termine el taller y por primera vez, las participantes trabajar\u00e1 conjuntamente con una fot\u00f3grafa profesional para crear una exposici\u00f3n que itinerar\u00e1 por diferentes espacios.<\/p>\n","protected":false},"excerpt":{"rendered":"<p>La Fundaci\u00f3n Setba organitza, por quinto a\u00f1o, un taller art\u00edstico para mujeres que han sufrido violencia machista.<\/p>\n","protected":false},"author":1,"featured_media":26964,"comment_status":"closed","ping_status":"closed","sticky":false,"template":"","format":"standard","meta":{"footnotes":""},"categories":[1090],"tags":[],"class_list":["post-29168","post","type-post","status-publish","format-standard","has-post-thumbnail","hentry","category-noticias"],"_links":{"self":[{"href":"https:\/\/fundaciosetba.org\/es\/wp-json\/wp\/v2\/posts\/29168","targetHints":{"allow":["GET"]}}],"collection":[{"href":"https:\/\/fundaciosetba.org\/es\/wp-json\/wp\/v2\/posts"}],"about":[{"href":"https:\/\/fundaciosetba.org\/es\/wp-json\/wp\/v2\/types\/post"}],"author":[{"embeddable":true,"href":"https:\/\/fundaciosetba.org\/es\/wp-json\/wp\/v2\/users\/1"}],"replies":[{"embeddable":true,"href":"https:\/\/fundaciosetba.org\/es\/wp-json\/wp\/v2\/comments?post=29168"}],"version-history":[{"count":1,"href":"https:\/\/fundaciosetba.org\/es\/wp-json\/wp\/v2\/posts\/29168\/revisions"}],"predecessor-version":[{"id":30958,"href":"https:\/\/fundaciosetba.org\/es\/wp-json\/wp\/v2\/posts\/29168\/revisions\/30958"}],"wp:featuredmedia":[{"embeddable":true,"href":"https:\/\/fundaciosetba.org\/es\/wp-json\/wp\/v2\/media\/26964"}],"wp:attachment":[{"href":"https:\/\/fundaciosetba.org\/es\/wp-json\/wp\/v2\/media?parent=29168"}],"wp:term":[{"taxonomy":"category","embeddable":true,"href":"https:\/\/fundaciosetba.org\/es\/wp-json\/wp\/v2\/categories?post=29168"},{"taxonomy":"post_tag","embeddable":true,"href":"https:\/\/fundaciosetba.org\/es\/wp-json\/wp\/v2\/tags?post=29168"}],"curies":[{"name":"wp","href":"https:\/\/api.w.org\/{rel}","templated":true}]}}