{"id":29171,"date":"2017-10-02T00:00:00","date_gmt":"2017-10-01T23:00:00","guid":{"rendered":"https:\/\/fundaciosetba.org\/pico-naranja\/"},"modified":"2017-10-02T00:00:00","modified_gmt":"2017-10-01T23:00:00","slug":"pico-naranja","status":"publish","type":"post","link":"https:\/\/fundaciosetba.org\/es\/pico-naranja\/","title":{"rendered":"Pico Naranja"},"content":{"rendered":"<p>Este a\u00f1o y por primera vez, el certamen <em>El Balc\u00f3n de las Artes<\/em>, ha otorgado un premio de dise\u00f1o con la colaboraci\u00f3n de Bardinet.<\/p>\n<p>El jurado, integrado por Jean-Paul Bouyat (director de Bardinet Espa\u00f1a), Josep Maria Morera (dise\u00f1ador de Morera Design), Jos\u00e9 Mar\u00eda Batalla (fundador de La Casa de Carlota)\u00a0y Miguel Gallardo (ilustrador) ha premiado la obra <em>P\u00e1jaro con pico naranj<\/em>a, del artista Erik Nitsch (<a href=\"http:\/\/www.fcsd.org\/ca\" target=\"_blank\" rel=\"noopener\">FCSD<\/a>).<\/p>\n<div style=\"padding: 1px; width: 22%; float: left; text-align: justify;\"><img loading=\"lazy\" decoding=\"async\" class=\"alignleft size-medium wp-image-14920\" src=\"https:\/\/fundaciosetba.org\/wp-content\/uploads\/2017\/07\/Erik-Nitsch-P\u00c1JARO-CON-PICO-NARANJA-219x300.jpg\" alt=\"Erik Nitsch - P\u00c1JARO CON PICO NARANJA\" width=\"219\" height=\"300\" \/><\/div>\n<div style=\"padding: 20px; float: left; width: 78%; text-align: justify;\">\n<p><strong>La Casa de Carlota<\/strong> es un estudio de dise\u00f1o profesional con un equipo creativo ins\u00f3lito, formado por personas con s\u00edndrome de Down y autismo, que trabajan de forma integrada y absolutamente normalizada con j\u00f3venes estudiantes de dise\u00f1o de escuelas, ilustradores y directores de arte seniors.<\/p>\n<p>En junio, Erik pas\u00f3 una jornada con el equipo de La Casa de Carlota para adaptar su obra\u00a0<em>P\u00e1jaro con pico naranja,\u00a0<\/em>que tambi\u00e9n da nombre al vino\u00a0<strong>&#8220;Pico Naranja&#8221;.<\/strong><\/p>\n<p>El premio ha consistido en un trabajo colaborativo entre el estudio de dise\u00f1o La Casa de Carlota y Erik, para adaptar su obra y convertirla en la etiqueta de uno de los vinos Lacrima Baccus (DO Pened\u00e8s).<\/p>\n<\/div>\n<p><iframe loading=\"lazy\" src=\"\/\/www.youtube.com\/embed\/dsBbNMF2tIw\" width=\"1050\" height=\"600\" frameborder=\"0\" allowfullscreen=\"allowfullscreen\"><\/iframe><\/p>\n<p>Erik Nitsch ha ganado ya varios premios nacionales e internacionales, entre ellos el Big-i-Award del concurso japon\u00e9s BiG-i-Art, o el primer premio de\u00a0<a href=\"https:\/\/fundaciosetba.org\/es\/el-balcon-de-las-artes-2012\/\" target=\"_blank\" rel=\"noopener\"><em>El Balc\u00f3 de les Arts 2012<\/em><\/a>.<\/p>\n<p><img loading=\"lazy\" decoding=\"async\" class=\"alignleft size-medium wp-image-15263\" src=\"https:\/\/fundaciosetba.org\/wp-content\/uploads\/2021\/12\/Maqueta-ampolla-Pico-Narajna.jpg\" alt='Maqueta ampolla Pico Narajna' width=\"600\" height=\"562\" \/><\/p>\n<p>Pod\u00e9is comprar el vino &#8220;Pico Naranja&#8221; en las tiendas <a href=\"http:\/\/vinalium.com\/ca\/botigues\/\" rel=\"noopener\" target=\"_blank\">Vinalium<\/a>.<br \/>\n&nbsp;<\/p>\n","protected":false},"excerpt":{"rendered":"<p>El artista Erik Nitsch, ganador de uno de los premios de El Balc\u00f3n de las Artes, crea la etiqueta de un vino Lacrima Baccus, de Bardinet.<\/p>\n","protected":false},"author":1,"featured_media":0,"comment_status":"closed","ping_status":"closed","sticky":false,"template":"","format":"standard","meta":{"footnotes":""},"categories":[1090],"tags":[1041],"class_list":["post-29171","post","type-post","status-publish","format-standard","hentry","category-noticias","tag-elbalcodelesarts17"],"_links":{"self":[{"href":"https:\/\/fundaciosetba.org\/es\/wp-json\/wp\/v2\/posts\/29171","targetHints":{"allow":["GET"]}}],"collection":[{"href":"https:\/\/fundaciosetba.org\/es\/wp-json\/wp\/v2\/posts"}],"about":[{"href":"https:\/\/fundaciosetba.org\/es\/wp-json\/wp\/v2\/types\/post"}],"author":[{"embeddable":true,"href":"https:\/\/fundaciosetba.org\/es\/wp-json\/wp\/v2\/users\/1"}],"replies":[{"embeddable":true,"href":"https:\/\/fundaciosetba.org\/es\/wp-json\/wp\/v2\/comments?post=29171"}],"version-history":[{"count":0,"href":"https:\/\/fundaciosetba.org\/es\/wp-json\/wp\/v2\/posts\/29171\/revisions"}],"wp:attachment":[{"href":"https:\/\/fundaciosetba.org\/es\/wp-json\/wp\/v2\/media?parent=29171"}],"wp:term":[{"taxonomy":"category","embeddable":true,"href":"https:\/\/fundaciosetba.org\/es\/wp-json\/wp\/v2\/categories?post=29171"},{"taxonomy":"post_tag","embeddable":true,"href":"https:\/\/fundaciosetba.org\/es\/wp-json\/wp\/v2\/tags?post=29171"}],"curies":[{"name":"wp","href":"https:\/\/api.w.org\/{rel}","templated":true}]}}