{"id":29172,"date":"2017-10-18T00:00:00","date_gmt":"2017-10-17T23:00:00","guid":{"rendered":"https:\/\/fundaciosetba.org\/setba-en-el-48h-open-house-bcn\/"},"modified":"2017-10-18T00:00:00","modified_gmt":"2017-10-17T23:00:00","slug":"setba-en-el-48h-open-house-bcn","status":"publish","type":"post","link":"https:\/\/fundaciosetba.org\/es\/setba-en-el-48h-open-house-bcn\/","title":{"rendered":"Setba en el 48h Open house BCN"},"content":{"rendered":"<p>El Festival 48h Open House BCN, es la principal cita de la ciudad de Barcelona con la arquitectura. El fin de semana del 21 y 22 de octubre m\u00e1s de 200 edificios abren sus puertas en la ciudad, totalmente gratis.<\/p>\n<p>Este a\u00f1o, la Fundaci\u00f3n Setba se suma al Festival. Durante dos d\u00edas (s\u00e1bado 21 y domingo 22 de octubre, de 11 a 14h) se podr\u00e1 visitar gratuitamente nuestra sede, uno de los pocos pisos de la Plaza Real de Barcelona que conserva los solos de baldosa hidr\u00e1ulica originales, las molduras de yeso los techos, puertas y vendr\u00e1 grabados con arena &#8230; y tambi\u00e9n se podr\u00e1 ver la exposici\u00f3n <em><a href=\"https:\/\/fundaciosetba.org\/es\/arquitecturas\/\" target=\"_blank\" rel=\"noopener\">Arquitecturas <\/a><\/em>que se centra en la obra de tres grandes arquitectos de nuestro pa\u00eds, Bonet, Moragas y Tusquets, y en la interpretaci\u00f3n pict\u00f3rica que hacen las artistas Silvia Mart\u00ednez-Palou, Bea Sarrias y el propio Oscar Tusquets.<\/p>\n<p><img loading=\"lazy\" decoding=\"async\" class=\"alignleft size-medium wp-image-15344\" src=\"https:\/\/fundaciosetba.org\/wp-content\/uploads\/2017\/10\/48h-Open-House-Fundaci\u00f3-Setba-2017.jpg\" alt=\"48h Open House Fundaci\u00f3 Setba 2017\" width=\"990\" height=\"630\" \/><\/p>\n<p>El <a href=\"http:\/\/www.48hopenhousebarcelona.org\/\" target=\"_blank\" rel=\"noopener\">Festival 48H Open House BCN<\/a> tiene la vocaci\u00f3n de implantarse transversalmente en la sociedad y en el territorio. Los ciudadanos de cada distrito podr\u00e1n conocer el patrimonio m\u00e1s cercano y el m\u00e1s lejano, el particular y el p\u00fablico, y situarlo dentro de la experiencia y la historia de cada uno, aprendiendo a quererlo.<\/p>\n","protected":false},"excerpt":{"rendered":"<p>La Fundaci\u00f3n Setba se suma al 48h Open House Bcn 2017. Entrada libre de 11 a 14h.<\/p>\n","protected":false},"author":1,"featured_media":0,"comment_status":"closed","ping_status":"closed","sticky":false,"template":"","format":"standard","meta":{"footnotes":""},"categories":[1090],"tags":[1049],"class_list":["post-29172","post","type-post","status-publish","format-standard","hentry","category-noticias","tag-arquitectures"],"_links":{"self":[{"href":"https:\/\/fundaciosetba.org\/es\/wp-json\/wp\/v2\/posts\/29172","targetHints":{"allow":["GET"]}}],"collection":[{"href":"https:\/\/fundaciosetba.org\/es\/wp-json\/wp\/v2\/posts"}],"about":[{"href":"https:\/\/fundaciosetba.org\/es\/wp-json\/wp\/v2\/types\/post"}],"author":[{"embeddable":true,"href":"https:\/\/fundaciosetba.org\/es\/wp-json\/wp\/v2\/users\/1"}],"replies":[{"embeddable":true,"href":"https:\/\/fundaciosetba.org\/es\/wp-json\/wp\/v2\/comments?post=29172"}],"version-history":[{"count":0,"href":"https:\/\/fundaciosetba.org\/es\/wp-json\/wp\/v2\/posts\/29172\/revisions"}],"wp:attachment":[{"href":"https:\/\/fundaciosetba.org\/es\/wp-json\/wp\/v2\/media?parent=29172"}],"wp:term":[{"taxonomy":"category","embeddable":true,"href":"https:\/\/fundaciosetba.org\/es\/wp-json\/wp\/v2\/categories?post=29172"},{"taxonomy":"post_tag","embeddable":true,"href":"https:\/\/fundaciosetba.org\/es\/wp-json\/wp\/v2\/tags?post=29172"}],"curies":[{"name":"wp","href":"https:\/\/api.w.org\/{rel}","templated":true}]}}