{"id":29174,"date":"2017-10-27T00:00:00","date_gmt":"2017-10-26T23:00:00","guid":{"rendered":"https:\/\/fundaciosetba.org\/el-10-de-la-real\/"},"modified":"2022-04-12T08:50:05","modified_gmt":"2022-04-12T07:50:05","slug":"el-10-de-la-real","status":"publish","type":"post","link":"https:\/\/fundaciosetba.org\/es\/el-10-de-la-real\/","title":{"rendered":"El 10 de la Real"},"content":{"rendered":"<h4><strong>Del 23 de noviembre de 2017 al 24 de\u00a0marzo de 2018<\/strong><\/h4>\n<p style=\"text-align: right;\"><a href=\"https:\/\/fundaciosetba.org\/es\/tag\/memoriaplaca-es\/\">Otras ediciones<\/a><\/p>\n<p>Desde el a\u00f1o 2012, cada mes de noviembre, la Fundaci\u00f3n Setba descubre la historia de uno de los establecimientos de la Plaza Real, de la gente que ha vivido aqu\u00ed y de las historias que esconden sus paredes.<\/p>\n<p>Este a\u00f1o, coincidiendo con el d\u00e9cimo aniversario de la Fundaci\u00f3n Setba, nos adentramos en la memoria de nuestro propio espacio, donde han vivido tres conocidos personajes en diferentes etapas: el fil\u00f3sofo y pensador Francesc Pujols, en el siglo XIX; el artista Oca\u00f1a, en los a\u00f1os 80 del siglo XX; y el cantautor Llu\u00eds Llach, de 1983 a 1999.<\/p>\n<p><img loading=\"lazy\" decoding=\"async\" class=\"alignleft size-full wp-image-15464\" src=\"https:\/\/fundaciosetba.org\/wp-content\/uploads\/2021\/12\/El-10-de-la-Reial.jpg\" alt='El 10 de la Reial' width=\"950\" height=\"450\" \/><\/p>\n<p>&nbsp;<\/p>\n<p>La <strong>Fundaci\u00f3n Francesc Pujols<\/strong> ha cedido un conjunto de piezas que pertenecieron al pensador, junto con obras del escultor Subirachs, autor del bajorrelieve que hay de la entrada de la finca.<\/p>\n<p>Contaremos con una serie de fotograf\u00edas de Mar\u00eda Espeus, Leopold Sams\u00f3 y Faust\u00ed Lluci\u00e0, donde sale retratado el <strong>Oca\u00f1a<\/strong> m\u00e1s dom\u00e9stico, adem\u00e1s de pinturas y esculturas del artista.<\/p>\n<p>Y, por \u00faltimo, mostraremos un conjunto de fotograf\u00edas y documentos audiovisuales del periodo en que <strong>Llu\u00eds Llach<\/strong> vivi\u00f3 en este piso, obras de Juan Miguel Morales, Pilar Aymerich y el artista Pedro Garc\u00eda Villegas.<\/p>\n<p><a title=\"El 10 de la Reial\" href=\"https:\/\/www.flickr.com\/photos\/fundaciosetba\/albums\/72157691300882575\" data-flickr-embed=\"true\"><img loading=\"lazy\" decoding=\"async\" src=\"https:\/\/fundaciosetba.org\/wp-content\/uploads\/2021\/12\/25332019558_6ef6b91e97_z.jpg\" alt='El 10 de la Reial' width=\"640\" height=\"460\" \/><\/a><script async src=\"\/\/embedr.flickr.com\/assets\/client-code.js\" charset=\"utf-8\"><\/script><\/p>\n","protected":false},"excerpt":{"rendered":"<p>Con motivo del d\u00e9cimo aniversario de la Fundaci\u00f3n Setba, nos adentramos en el pasado del piso donde tenemos nuestra sede. Concretamente en tres personajes que vivieron: Francesc Pujols, Oca\u00f1a y Llu\u00eds Llach.<\/p>\n","protected":false},"author":1,"featured_media":26940,"comment_status":"closed","ping_status":"closed","sticky":false,"template":"","format":"standard","meta":{"footnotes":""},"categories":[1090],"tags":[],"class_list":["post-29174","post","type-post","status-publish","format-standard","has-post-thumbnail","hentry","category-noticias"],"_links":{"self":[{"href":"https:\/\/fundaciosetba.org\/es\/wp-json\/wp\/v2\/posts\/29174","targetHints":{"allow":["GET"]}}],"collection":[{"href":"https:\/\/fundaciosetba.org\/es\/wp-json\/wp\/v2\/posts"}],"about":[{"href":"https:\/\/fundaciosetba.org\/es\/wp-json\/wp\/v2\/types\/post"}],"author":[{"embeddable":true,"href":"https:\/\/fundaciosetba.org\/es\/wp-json\/wp\/v2\/users\/1"}],"replies":[{"embeddable":true,"href":"https:\/\/fundaciosetba.org\/es\/wp-json\/wp\/v2\/comments?post=29174"}],"version-history":[{"count":1,"href":"https:\/\/fundaciosetba.org\/es\/wp-json\/wp\/v2\/posts\/29174\/revisions"}],"predecessor-version":[{"id":30956,"href":"https:\/\/fundaciosetba.org\/es\/wp-json\/wp\/v2\/posts\/29174\/revisions\/30956"}],"wp:featuredmedia":[{"embeddable":true,"href":"https:\/\/fundaciosetba.org\/es\/wp-json\/wp\/v2\/media\/26940"}],"wp:attachment":[{"href":"https:\/\/fundaciosetba.org\/es\/wp-json\/wp\/v2\/media?parent=29174"}],"wp:term":[{"taxonomy":"category","embeddable":true,"href":"https:\/\/fundaciosetba.org\/es\/wp-json\/wp\/v2\/categories?post=29174"},{"taxonomy":"post_tag","embeddable":true,"href":"https:\/\/fundaciosetba.org\/es\/wp-json\/wp\/v2\/tags?post=29174"}],"curies":[{"name":"wp","href":"https:\/\/api.w.org\/{rel}","templated":true}]}}