{"id":29176,"date":"2017-10-30T00:00:00","date_gmt":"2017-10-29T23:00:00","guid":{"rendered":"https:\/\/fundaciosetba.org\/concurso-setbaxlaricarda\/"},"modified":"2017-10-30T00:00:00","modified_gmt":"2017-10-29T23:00:00","slug":"concurso-setbaxlaricarda","status":"publish","type":"post","link":"https:\/\/fundaciosetba.org\/es\/concurso-setbaxlaricarda\/","title":{"rendered":"Concurso #setbaxlaricarda"},"content":{"rendered":"<p>En el marco de la exposici\u00f3n\u00a0<em><a href=\"https:\/\/fundaciosetba.org\/es\/arquitecturas\/\" target=\"_blank\" rel=\"noopener\">Arquitecturas<\/a><\/em>, la Fundaci\u00f3n Setba organiza el concurso #setbaxlaricarda.<\/p>\n<p>Si quieres participar, ven a ver la exposici\u00f3n, haz una foto art\u00edstica de la sala dedicada a esta casa, etiqueta-la y cu\u00e9lgala en Instagram. Entrar\u00e1s en un sorteo para visitar la finca de forma exclusiva, acompa\u00f1ado por los propietarios de la misma.<\/p>\n<p>Recorrer\u00e1s cada estancia y descubrir\u00e1s que, en\u00a0<a href=\"https:\/\/es.wikiarquitectura.com\/edificio\/la-ricarda-casa-gomis\/\" target=\"_blank\" rel=\"noopener\">La Ricarda<\/a>, el tiempo se ha detenido en alg\u00fan d\u00eda pausado de mediados de los a\u00f1os 60. Todos los muebles se conservan como los pens\u00f3 el arquitecto Antoni Bonet y Castellana, las cortinas, las s\u00e1banas y colchas, las revistas, televisores, radios y tel\u00e9fonos. Nada ha cambiado. S\u00f3lo el sonido de los aviones que pasan por el Aeropuerto de El Prat, que ha ido in crescendo, y el mar, que avanza, ganando terreno en el pinar.<\/p>\n<p><iframe loading=\"lazy\" src=\"https:\/\/www.youtube.com\/embed\/M-6JTtBoFbA\" width=\"1280\" height=\"720\" frameborder=\"0\" allowfullscreen=\"allowfullscreen\" data-mce-fragment=\"1\"><\/iframe><\/p>\n","protected":false},"excerpt":{"rendered":"<p>Visita exclusiva para los ganadores del concurso #setbaxlaricarda.<\/p>\n","protected":false},"author":1,"featured_media":0,"comment_status":"closed","ping_status":"closed","sticky":false,"template":"","format":"standard","meta":{"footnotes":""},"categories":[1090],"tags":[1049],"class_list":["post-29176","post","type-post","status-publish","format-standard","hentry","category-noticias","tag-arquitectures"],"_links":{"self":[{"href":"https:\/\/fundaciosetba.org\/es\/wp-json\/wp\/v2\/posts\/29176","targetHints":{"allow":["GET"]}}],"collection":[{"href":"https:\/\/fundaciosetba.org\/es\/wp-json\/wp\/v2\/posts"}],"about":[{"href":"https:\/\/fundaciosetba.org\/es\/wp-json\/wp\/v2\/types\/post"}],"author":[{"embeddable":true,"href":"https:\/\/fundaciosetba.org\/es\/wp-json\/wp\/v2\/users\/1"}],"replies":[{"embeddable":true,"href":"https:\/\/fundaciosetba.org\/es\/wp-json\/wp\/v2\/comments?post=29176"}],"version-history":[{"count":0,"href":"https:\/\/fundaciosetba.org\/es\/wp-json\/wp\/v2\/posts\/29176\/revisions"}],"wp:attachment":[{"href":"https:\/\/fundaciosetba.org\/es\/wp-json\/wp\/v2\/media?parent=29176"}],"wp:term":[{"taxonomy":"category","embeddable":true,"href":"https:\/\/fundaciosetba.org\/es\/wp-json\/wp\/v2\/categories?post=29176"},{"taxonomy":"post_tag","embeddable":true,"href":"https:\/\/fundaciosetba.org\/es\/wp-json\/wp\/v2\/tags?post=29176"}],"curies":[{"name":"wp","href":"https:\/\/api.w.org\/{rel}","templated":true}]}}