{"id":29177,"date":"2018-02-20T00:00:00","date_gmt":"2018-02-19T23:00:00","guid":{"rendered":"https:\/\/fundaciosetba.org\/ocana-im-licht\/"},"modified":"2022-04-12T08:49:23","modified_gmt":"2022-04-12T07:49:23","slug":"ocana-im-licht","status":"publish","type":"post","link":"https:\/\/fundaciosetba.org\/es\/ocana-im-licht\/","title":{"rendered":"Oca\u00f1a im Licht"},"content":{"rendered":"<h5>Jueves 22 de febrero de 2018 a las 19h<\/h5>\n<p>El dramaturgo Marc Rosich ya retrat\u00f3 Oca\u00f1a hace diez a\u00f1os en una de sus primeras piezas, emparej\u00e1ndolo con el comediante y autor argentino-franc\u00e9s Copi, en una obra que era toda una batalla de reinas.\u00a0 La pieza, con el t\u00edtulo\u00a0<em>Copi\u00a0y Oca\u00f1a en el purgatorio<\/em>, se estren\u00f3 en el teatro Tantarantana para luego pasar al Capitol, en las Ramblas mismo, y hace dos a\u00f1os la obra se repuso con el mismo reparto original en el Teatro Almer\u00eda.<\/p>\n<p>Actualmente, Rosich prepara una nueva pieza en homenaje al pintor y performer de Cantillana, <em>Oca\u00f1a im Licht<\/em>, que mezcla textos y copla y que se presentar\u00e1 a la Neuk\u00f6llner Oper de Berlin el pr\u00f3ximo mes de febrero.<\/p>\n<p>En el marco de la exposici\u00f3n\u00a0<a href=\"https:\/\/fundaciosetba.org\/es\/el-10-de-la-real\/\" target=\"_blank\" rel=\"noopener\"><em>El 10 de la Real<\/em><\/a>, presidida por el gran sol restaurado del disfraz con que muri\u00f3 Oca\u00f1a, Rosich presentar\u00e1 fragmentos y coplas de ambas obras con el acompa\u00f1amiento a la guitarra de Marc Sambola, director musical de la pieza en Berl\u00edn, la voz inconfundible del actor Juan V\u00e1zquez\u00a0y la participaci\u00f3n del actor Victor \u00c1lvaro, que estren\u00f3 el personaje en el Tantarantana.<\/p>\n<p><strong>Textos\u00a0y direcci\u00f3n:<\/strong> Marc Rosich<br \/>\n<strong>Guitarra\u00a0y arreglos:<\/strong> Sambola<br \/>\n<strong>Actor:<\/strong>\u00a0Victor \u00c1lvaro<br \/>\n<strong>Canto:<\/strong> Juan V\u00e1zquez<\/p>\n<p>Reservas: <a href=\"mailto:carla@fundaciosetba.org\">carla@fundaciosetba.org<\/a><\/p>\n","protected":false},"excerpt":{"rendered":"<p>El dramaturgo Marc Rosich hace un adelanto de la pieza &#8220;Oca\u00f1a im Licht&#8221;, que se presentar\u00e1 a la Neuk\u00f6lln Oper de Berlin el mes de febrero.<\/p>\n","protected":false},"author":1,"featured_media":0,"comment_status":"closed","ping_status":"closed","sticky":false,"template":"","format":"standard","meta":{"footnotes":""},"categories":[1090],"tags":[1051],"class_list":["post-29177","post","type-post","status-publish","format-standard","hentry","category-noticias","tag-el10reial"],"_links":{"self":[{"href":"https:\/\/fundaciosetba.org\/es\/wp-json\/wp\/v2\/posts\/29177","targetHints":{"allow":["GET"]}}],"collection":[{"href":"https:\/\/fundaciosetba.org\/es\/wp-json\/wp\/v2\/posts"}],"about":[{"href":"https:\/\/fundaciosetba.org\/es\/wp-json\/wp\/v2\/types\/post"}],"author":[{"embeddable":true,"href":"https:\/\/fundaciosetba.org\/es\/wp-json\/wp\/v2\/users\/1"}],"replies":[{"embeddable":true,"href":"https:\/\/fundaciosetba.org\/es\/wp-json\/wp\/v2\/comments?post=29177"}],"version-history":[{"count":1,"href":"https:\/\/fundaciosetba.org\/es\/wp-json\/wp\/v2\/posts\/29177\/revisions"}],"predecessor-version":[{"id":30954,"href":"https:\/\/fundaciosetba.org\/es\/wp-json\/wp\/v2\/posts\/29177\/revisions\/30954"}],"wp:attachment":[{"href":"https:\/\/fundaciosetba.org\/es\/wp-json\/wp\/v2\/media?parent=29177"}],"wp:term":[{"taxonomy":"category","embeddable":true,"href":"https:\/\/fundaciosetba.org\/es\/wp-json\/wp\/v2\/categories?post=29177"},{"taxonomy":"post_tag","embeddable":true,"href":"https:\/\/fundaciosetba.org\/es\/wp-json\/wp\/v2\/tags?post=29177"}],"curies":[{"name":"wp","href":"https:\/\/api.w.org\/{rel}","templated":true}]}}