{"id":29179,"date":"2017-11-27T00:00:00","date_gmt":"2017-11-26T23:00:00","guid":{"rendered":"https:\/\/fundaciosetba.org\/photocall-24n-en-el-diari-ara\/"},"modified":"2017-11-27T00:00:00","modified_gmt":"2017-11-26T23:00:00","slug":"photocall-24n-en-el-diari-ara","status":"publish","type":"post","link":"https:\/\/fundaciosetba.org\/es\/photocall-24n-en-el-diari-ara\/","title":{"rendered":"Photocall 24N en el Diari Ara"},"content":{"rendered":"<p><a ref=\"magnificPopup\" href=\"https:\/\/fundaciosetba.org\/wp-content\/uploads\/2021\/12\/20171125-nwp1-ara-cat_a3-1.jpg\"><img loading=\"lazy\" decoding=\"async\" class=\"alignleft size-full wp-image-15502\" src=\"https:\/\/fundaciosetba.org\/wp-content\/uploads\/2021\/12\/20171125-nwp1-ara-cat_a3-1.jpg\" alt='20171125-nwp1-ara-cat_a3-1' width=\"6684\" height=\"4238\" \/><\/a><\/p>\n","protected":false},"excerpt":{"rendered":"<p>La acci\u00f3n fotogr\u00e1fica organizada por la Fundaci\u00f3n Setba y Photogenic Festival, con el soporte de Fundaci\u00f3 TMB, en el Diari ARA.<\/p>\n","protected":false},"author":1,"featured_media":26930,"comment_status":"closed","ping_status":"closed","sticky":false,"template":"","format":"standard","meta":{"footnotes":""},"categories":[1090],"tags":[1052],"class_list":["post-29179","post","type-post","status-publish","format-standard","has-post-thumbnail","hentry","category-noticias","tag-delombraalallum17"],"_links":{"self":[{"href":"https:\/\/fundaciosetba.org\/es\/wp-json\/wp\/v2\/posts\/29179","targetHints":{"allow":["GET"]}}],"collection":[{"href":"https:\/\/fundaciosetba.org\/es\/wp-json\/wp\/v2\/posts"}],"about":[{"href":"https:\/\/fundaciosetba.org\/es\/wp-json\/wp\/v2\/types\/post"}],"author":[{"embeddable":true,"href":"https:\/\/fundaciosetba.org\/es\/wp-json\/wp\/v2\/users\/1"}],"replies":[{"embeddable":true,"href":"https:\/\/fundaciosetba.org\/es\/wp-json\/wp\/v2\/comments?post=29179"}],"version-history":[{"count":0,"href":"https:\/\/fundaciosetba.org\/es\/wp-json\/wp\/v2\/posts\/29179\/revisions"}],"wp:featuredmedia":[{"embeddable":true,"href":"https:\/\/fundaciosetba.org\/es\/wp-json\/wp\/v2\/media\/26930"}],"wp:attachment":[{"href":"https:\/\/fundaciosetba.org\/es\/wp-json\/wp\/v2\/media?parent=29179"}],"wp:term":[{"taxonomy":"category","embeddable":true,"href":"https:\/\/fundaciosetba.org\/es\/wp-json\/wp\/v2\/categories?post=29179"},{"taxonomy":"post_tag","embeddable":true,"href":"https:\/\/fundaciosetba.org\/es\/wp-json\/wp\/v2\/tags?post=29179"}],"curies":[{"name":"wp","href":"https:\/\/api.w.org\/{rel}","templated":true}]}}