{"id":29180,"date":"2017-11-29T00:00:00","date_gmt":"2017-11-28T23:00:00","guid":{"rendered":"https:\/\/fundaciosetba.org\/el-10-de-la-real-en-el-artic\/"},"modified":"2017-11-29T00:00:00","modified_gmt":"2017-11-28T23:00:00","slug":"el-10-de-la-real-en-el-artic","status":"publish","type":"post","link":"https:\/\/fundaciosetba.org\/es\/el-10-de-la-real-en-el-artic\/","title":{"rendered":"El 10 de la Real en el Artic"},"content":{"rendered":"<p><iframe loading=\"lazy\" width=\"910\" height=\"500\" src=\"https:\/\/btv.playty.com\/player#\/video?autoplay=1&#038;id=ART271117PARIS\" frameborder=\"0\" allowfullscreen><\/iframe><\/p>\n","protected":false},"excerpt":{"rendered":"<p>El programa \u00c1rtic de Betev\u00e9 dedica un reportaje a la figura de Oca\u00f1a, en el marco de la exposici\u00f3n sobre la historia del piso donde se encuentra Setba.<\/p>\n","protected":false},"author":1,"featured_media":0,"comment_status":"closed","ping_status":"closed","sticky":false,"template":"","format":"standard","meta":{"footnotes":""},"categories":[1090],"tags":[1051],"class_list":["post-29180","post","type-post","status-publish","format-standard","hentry","category-noticias","tag-el10reial"],"_links":{"self":[{"href":"https:\/\/fundaciosetba.org\/es\/wp-json\/wp\/v2\/posts\/29180","targetHints":{"allow":["GET"]}}],"collection":[{"href":"https:\/\/fundaciosetba.org\/es\/wp-json\/wp\/v2\/posts"}],"about":[{"href":"https:\/\/fundaciosetba.org\/es\/wp-json\/wp\/v2\/types\/post"}],"author":[{"embeddable":true,"href":"https:\/\/fundaciosetba.org\/es\/wp-json\/wp\/v2\/users\/1"}],"replies":[{"embeddable":true,"href":"https:\/\/fundaciosetba.org\/es\/wp-json\/wp\/v2\/comments?post=29180"}],"version-history":[{"count":0,"href":"https:\/\/fundaciosetba.org\/es\/wp-json\/wp\/v2\/posts\/29180\/revisions"}],"wp:attachment":[{"href":"https:\/\/fundaciosetba.org\/es\/wp-json\/wp\/v2\/media?parent=29180"}],"wp:term":[{"taxonomy":"category","embeddable":true,"href":"https:\/\/fundaciosetba.org\/es\/wp-json\/wp\/v2\/categories?post=29180"},{"taxonomy":"post_tag","embeddable":true,"href":"https:\/\/fundaciosetba.org\/es\/wp-json\/wp\/v2\/tags?post=29180"}],"curies":[{"name":"wp","href":"https:\/\/api.w.org\/{rel}","templated":true}]}}