{"id":29181,"date":"2017-12-18T00:00:00","date_gmt":"2017-12-17T23:00:00","guid":{"rendered":"https:\/\/fundaciosetba.org\/el-10-de-la-real-en-el-periodico\/"},"modified":"2017-12-18T00:00:00","modified_gmt":"2017-12-17T23:00:00","slug":"el-10-de-la-real-en-el-periodico","status":"publish","type":"post","link":"https:\/\/fundaciosetba.org\/es\/el-10-de-la-real-en-el-periodico\/","title":{"rendered":"El 10 de la Real en El Peri\u00f3dico"},"content":{"rendered":"<p><a ref=\"magnificPopup\" href=\"https:\/\/fundaciosetba.org\/wp-content\/uploads\/2021\/12\/20171218-nwp1-elperiodico-com-cataluna_a3.jpg\"><img loading=\"lazy\" decoding=\"async\" class=\"alignleft size-full wp-image-15615\" src=\"https:\/\/fundaciosetba.org\/wp-content\/uploads\/2021\/12\/20171218-nwp1-elperiodico-com-cataluna_a3.jpg\" alt='20171218-nwp1-elperiodico-com-cataluna_a3' width=\"3494\" height=\"3041\" \/><\/a><\/p>\n","protected":false},"excerpt":{"rendered":"<p>Magn\u00edfico art\u00edculo de la periodista Nat\u00e0lia Farr\u00e9 en el Peri\u00f3dico, sobre la exposici\u00f3n que rinde homenaje a los tres ilustres vecinos que han ocupado, a lo largo de diferentes etapas, el n\u00famero 10 de la plaza Real.<\/p>\n","protected":false},"author":1,"featured_media":26924,"comment_status":"closed","ping_status":"closed","sticky":false,"template":"","format":"standard","meta":{"footnotes":""},"categories":[1090],"tags":[1051],"class_list":["post-29181","post","type-post","status-publish","format-standard","has-post-thumbnail","hentry","category-noticias","tag-el10reial"],"_links":{"self":[{"href":"https:\/\/fundaciosetba.org\/es\/wp-json\/wp\/v2\/posts\/29181","targetHints":{"allow":["GET"]}}],"collection":[{"href":"https:\/\/fundaciosetba.org\/es\/wp-json\/wp\/v2\/posts"}],"about":[{"href":"https:\/\/fundaciosetba.org\/es\/wp-json\/wp\/v2\/types\/post"}],"author":[{"embeddable":true,"href":"https:\/\/fundaciosetba.org\/es\/wp-json\/wp\/v2\/users\/1"}],"replies":[{"embeddable":true,"href":"https:\/\/fundaciosetba.org\/es\/wp-json\/wp\/v2\/comments?post=29181"}],"version-history":[{"count":0,"href":"https:\/\/fundaciosetba.org\/es\/wp-json\/wp\/v2\/posts\/29181\/revisions"}],"wp:featuredmedia":[{"embeddable":true,"href":"https:\/\/fundaciosetba.org\/es\/wp-json\/wp\/v2\/media\/26924"}],"wp:attachment":[{"href":"https:\/\/fundaciosetba.org\/es\/wp-json\/wp\/v2\/media?parent=29181"}],"wp:term":[{"taxonomy":"category","embeddable":true,"href":"https:\/\/fundaciosetba.org\/es\/wp-json\/wp\/v2\/categories?post=29181"},{"taxonomy":"post_tag","embeddable":true,"href":"https:\/\/fundaciosetba.org\/es\/wp-json\/wp\/v2\/tags?post=29181"}],"curies":[{"name":"wp","href":"https:\/\/api.w.org\/{rel}","templated":true}]}}