{"id":29183,"date":"2017-12-18T00:00:00","date_gmt":"2017-12-17T23:00:00","guid":{"rendered":"https:\/\/fundaciosetba.org\/jornada-solidaria-2017\/"},"modified":"2022-04-12T08:49:53","modified_gmt":"2022-04-12T07:49:53","slug":"jornada-solidaria-2017","status":"publish","type":"post","link":"https:\/\/fundaciosetba.org\/es\/jornada-solidaria-2017\/","title":{"rendered":"Jornada solidaria 2017"},"content":{"rendered":"<p style=\"text-align: right;\"><a href=\"https:\/\/fundaciosetba.org\/es\/tag\/marato-es\">Otras ediciones<\/a><\/p>\n<p>El domingo 17 de diciembre, la Fundaci\u00f3n Setba y El Viver de Argentona organizan una jornada de actividades para recoger fondos para la Marat\u00f3 de TV3.<\/p>\n<p>En 2013, la Fundaci\u00f3n Setba y la Asociaci\u00f3n Nats 55 celebraron el primer concierto de villancicos solidario en beneficio de la Marat\u00f3 en la finca de El Viver. La recaudaci\u00f3n fue de casi 2.000\u20ac.<\/p>\n<p>Este a\u00f1o y por primera vez, Setba y El Viver han decidido hacer una apuesta m\u00e1s arriesgada ampliando el horario de actividades e implicando a los comercios vecinos, para organizar una jornada llena de propuestas para todos los p\u00fablicos. El objetivo es sencillo pero ambicioso, conseguir la m\u00e1xima recaudaci\u00f3n para la causa de este a\u00f1o, las enfermedades infecciosas.<\/p>\n<p>As\u00ed, durante varias horas la finca de El Viver se convertir\u00e1 en un espacio l\u00fadico donde poder disfrutar de m\u00fasica, talleres de decoraci\u00f3n navide\u00f1a, circo, caricaturas &#8230; La entrada ser\u00e1 libre con una aportaci\u00f3n voluntaria para poder participar en las actividades, y el dinero que se recoja se destinar\u00e1 \u00edntegramente a la Fundaci\u00f3n la Marat\u00f3. Tambi\u00e9n se har\u00e1 una subasta solidaria y una comida por un precio simb\u00f3lico de 5\u20ac.<\/p>\n<p>Todas estas actividades se podr\u00e1n llevar a cabo gracias a la colaboraci\u00f3n de una treintena de entidades, empresas y comercios de restauraci\u00f3n locales que han querido poner su grano de arena en esta jornada tan especial.<\/p>\n","protected":false},"excerpt":{"rendered":"<p>La Fundaci\u00f3n Setba y El Viver de Argentona organizan una jornada solidaria en beneficio de La Marat\u00f3 de TV3.<\/p>\n","protected":false},"author":1,"featured_media":0,"comment_status":"closed","ping_status":"closed","sticky":false,"template":"","format":"standard","meta":{"footnotes":""},"categories":[1090],"tags":[],"class_list":["post-29183","post","type-post","status-publish","format-standard","hentry","category-noticias"],"_links":{"self":[{"href":"https:\/\/fundaciosetba.org\/es\/wp-json\/wp\/v2\/posts\/29183","targetHints":{"allow":["GET"]}}],"collection":[{"href":"https:\/\/fundaciosetba.org\/es\/wp-json\/wp\/v2\/posts"}],"about":[{"href":"https:\/\/fundaciosetba.org\/es\/wp-json\/wp\/v2\/types\/post"}],"author":[{"embeddable":true,"href":"https:\/\/fundaciosetba.org\/es\/wp-json\/wp\/v2\/users\/1"}],"replies":[{"embeddable":true,"href":"https:\/\/fundaciosetba.org\/es\/wp-json\/wp\/v2\/comments?post=29183"}],"version-history":[{"count":1,"href":"https:\/\/fundaciosetba.org\/es\/wp-json\/wp\/v2\/posts\/29183\/revisions"}],"predecessor-version":[{"id":30955,"href":"https:\/\/fundaciosetba.org\/es\/wp-json\/wp\/v2\/posts\/29183\/revisions\/30955"}],"wp:attachment":[{"href":"https:\/\/fundaciosetba.org\/es\/wp-json\/wp\/v2\/media?parent=29183"}],"wp:term":[{"taxonomy":"category","embeddable":true,"href":"https:\/\/fundaciosetba.org\/es\/wp-json\/wp\/v2\/categories?post=29183"},{"taxonomy":"post_tag","embeddable":true,"href":"https:\/\/fundaciosetba.org\/es\/wp-json\/wp\/v2\/tags?post=29183"}],"curies":[{"name":"wp","href":"https:\/\/api.w.org\/{rel}","templated":true}]}}