{"id":29184,"date":"2018-01-15T00:00:00","date_gmt":"2018-01-14T23:00:00","guid":{"rendered":"https:\/\/fundaciosetba.org\/el-10-de-la-real-en-btv\/"},"modified":"2018-01-15T00:00:00","modified_gmt":"2018-01-14T23:00:00","slug":"el-10-de-la-real-en-btv","status":"publish","type":"post","link":"https:\/\/fundaciosetba.org\/es\/el-10-de-la-real-en-btv\/","title":{"rendered":"El 10 de la Real en BTV"},"content":{"rendered":"<h5>S\u00e1bado\u00a013 de enero de 2018<\/h5>\n<p><iframe loading=\"lazy\" src=\"https:\/\/btv.playty.com\/player#\/video?autoplay=1&amp;id=120118btv73exposetba\" width=\"910\" height=\"500\" frameborder=\"0\" allowfullscreen=\"allowfullscreen\" data-mce-fragment=\"1\"><\/iframe><\/p>\n","protected":false},"excerpt":{"rendered":"<p>El programa Noticias 73 de Betev\u00e9 se hace eco de la exposici\u00f3n que conmemora los 10 a\u00f1os de Setba.<\/p>\n","protected":false},"author":1,"featured_media":0,"comment_status":"closed","ping_status":"closed","sticky":false,"template":"","format":"standard","meta":{"footnotes":""},"categories":[1090],"tags":[1051],"class_list":["post-29184","post","type-post","status-publish","format-standard","hentry","category-noticias","tag-el10reial"],"_links":{"self":[{"href":"https:\/\/fundaciosetba.org\/es\/wp-json\/wp\/v2\/posts\/29184","targetHints":{"allow":["GET"]}}],"collection":[{"href":"https:\/\/fundaciosetba.org\/es\/wp-json\/wp\/v2\/posts"}],"about":[{"href":"https:\/\/fundaciosetba.org\/es\/wp-json\/wp\/v2\/types\/post"}],"author":[{"embeddable":true,"href":"https:\/\/fundaciosetba.org\/es\/wp-json\/wp\/v2\/users\/1"}],"replies":[{"embeddable":true,"href":"https:\/\/fundaciosetba.org\/es\/wp-json\/wp\/v2\/comments?post=29184"}],"version-history":[{"count":0,"href":"https:\/\/fundaciosetba.org\/es\/wp-json\/wp\/v2\/posts\/29184\/revisions"}],"wp:attachment":[{"href":"https:\/\/fundaciosetba.org\/es\/wp-json\/wp\/v2\/media?parent=29184"}],"wp:term":[{"taxonomy":"category","embeddable":true,"href":"https:\/\/fundaciosetba.org\/es\/wp-json\/wp\/v2\/categories?post=29184"},{"taxonomy":"post_tag","embeddable":true,"href":"https:\/\/fundaciosetba.org\/es\/wp-json\/wp\/v2\/tags?post=29184"}],"curies":[{"name":"wp","href":"https:\/\/api.w.org\/{rel}","templated":true}]}}