{"id":29185,"date":"2018-01-31T00:00:00","date_gmt":"2018-01-30T23:00:00","guid":{"rendered":"https:\/\/fundaciosetba.org\/bases-el-balcon-de-las-artes-2018\/"},"modified":"2018-01-31T00:00:00","modified_gmt":"2018-01-30T23:00:00","slug":"bases-el-balcon-de-las-artes-2018","status":"publish","type":"post","link":"https:\/\/fundaciosetba.org\/es\/bases-el-balcon-de-las-artes-2018\/","title":{"rendered":"Bases &#8220;El Balc\u00f3n de las Artes 2018&#8221;"},"content":{"rendered":"<h5>Febrero 2018<\/h5>\n<p><em><a href=\"https:\/\/fundaciosetba.org\/es\/tag\/elbalcodelesarts\/\" target=\"_blank\" rel=\"noopener\">El Balc\u00f3n de las Artes<\/a>\u00a0<\/em>es un certamen de pintura para personas con discapacidad intelectual y del desarrollo, que organiza la Fundaci\u00f3n Setba desde 2011. Se trata del proyecto social m\u00e1s veterano de la Fundaci\u00f3n y cada a\u00f1o crece en repercusi\u00f3n, alcance y premios.<\/p>\n<p>El objetivo del certamen es potenciar las capacidades art\u00edsticas de personas con discapacidad intelectual y incentivar este colectivo para trabajar en el terreno de las artes pl\u00e1sticas.<\/p>\n<p>Por primera vez, este 2018 podr\u00e1n concursar los artistas residentes <strong>en toda Catalu\u00f1a,<\/strong> mayores de edad y con certificado de discapacidad intelectual (m\u00ednimo 33%), que pertenezcan a una entidad sin \u00e1nimo de lucro, legalizada y registrada en Catalu\u00f1a.<\/p>\n<p>Desc\u00e1rgate\u00a0las <a href=\"https:\/\/fundaciosetba.org\/wp-content\/uploads\/2018\/01\/BASES-El-Balc\u00f3-de-les-Arts-2018.pdf\" target=\"_blank\" rel=\"noopener\"><strong>BASES El Balc\u00f3n de las Artes 2018<\/strong><\/a>\u00a0y rellena el formulario de participaci\u00f3n antes del 9 de abril de 2018.<\/p>\n","protected":false},"excerpt":{"rendered":"<p>El plazo de presentaci\u00f3n de las obras y la documentaci\u00f3n para participar en el certamen finaliza el 9 de abril de 2018.<\/p>\n","protected":false},"author":1,"featured_media":0,"comment_status":"closed","ping_status":"closed","sticky":false,"template":"","format":"standard","meta":{"footnotes":""},"categories":[1090],"tags":[1054],"class_list":["post-29185","post","type-post","status-publish","format-standard","hentry","category-noticias","tag-elbalcodelesarts18"],"_links":{"self":[{"href":"https:\/\/fundaciosetba.org\/es\/wp-json\/wp\/v2\/posts\/29185","targetHints":{"allow":["GET"]}}],"collection":[{"href":"https:\/\/fundaciosetba.org\/es\/wp-json\/wp\/v2\/posts"}],"about":[{"href":"https:\/\/fundaciosetba.org\/es\/wp-json\/wp\/v2\/types\/post"}],"author":[{"embeddable":true,"href":"https:\/\/fundaciosetba.org\/es\/wp-json\/wp\/v2\/users\/1"}],"replies":[{"embeddable":true,"href":"https:\/\/fundaciosetba.org\/es\/wp-json\/wp\/v2\/comments?post=29185"}],"version-history":[{"count":0,"href":"https:\/\/fundaciosetba.org\/es\/wp-json\/wp\/v2\/posts\/29185\/revisions"}],"wp:attachment":[{"href":"https:\/\/fundaciosetba.org\/es\/wp-json\/wp\/v2\/media?parent=29185"}],"wp:term":[{"taxonomy":"category","embeddable":true,"href":"https:\/\/fundaciosetba.org\/es\/wp-json\/wp\/v2\/categories?post=29185"},{"taxonomy":"post_tag","embeddable":true,"href":"https:\/\/fundaciosetba.org\/es\/wp-json\/wp\/v2\/tags?post=29185"}],"curies":[{"name":"wp","href":"https:\/\/api.w.org\/{rel}","templated":true}]}}