{"id":29201,"date":"2018-10-04T00:00:00","date_gmt":"2018-10-03T23:00:00","guid":{"rendered":"https:\/\/fundaciosetba.org\/marcelli-antunez\/"},"modified":"2018-10-04T00:00:00","modified_gmt":"2018-10-03T23:00:00","slug":"marcelli-antunez","status":"publish","type":"post","link":"https:\/\/fundaciosetba.org\/es\/marcelli-antunez\/","title":{"rendered":"Marcel\u00b7l\u00ed Ant\u00fanez"},"content":{"rendered":"<p>Marcel\u00b7l\u00ed\u00a0Ant\u00fanez\u00a0empez\u00f3 a colaborar con la Fundaci\u00f3n\u00a0Setba\u00a0en 2018 con &#8220;Traspassant Murs&#8221; en el Centro Educativo de Justicia Juvenil\u00a0Can\u00a0Llupi\u00e0\u00a0y &#8220;Milcaps&#8221;, proyecto participativo con usuarios de centros de Salud Mental y alumnas de bachillerato art\u00edstico. Hoy en d\u00eda la colaboraci\u00f3n se mantiene.<\/p>\n<p><strong>\u00bfQui\u00e9n es Marcel\u00b7l\u00ed Ant\u00fanez?<\/strong><\/p>\n<p><span style=\"color: #999999;\"><em>\u00bfEn serio?<\/em>\u00a0<\/span><strong>Se rie.<\/strong><\/p>\n<p><span style=\"color: #999999;\"><em>Es una definici\u00f3n cambiante. Uno es muchas cosas en la vida. B\u00e1sicamente un artista, entendiendo que el arte es un espacio de libertad. Me he interesado por muchas cosas y, como por desgracia ya tengo una edad, tambi\u00e9n tengo un curriculum. <\/em><\/span><\/p>\n<p><span style=\"color: #999999;\"><em>Empec\u00e9 a los 80&#8217;s como cofundador de la Fura dels Baus con otros colectivos que vendr\u00edan despu\u00e9s como &#8220;Error gen\u00e9tico&#8221; o &#8220;Los Rinos&#8221;.\u00a0En los 90&#8217;s me intereso por la tecnolog\u00eda y la performance y de esta manera se van configurando los proyectos que me interesan m\u00e1s ahora. Y, d<\/em><\/span><span style=\"color: #999999;\"><em>esde hace 5-6 a\u00f1os empiezo a adentrarme en propuestas m\u00e1s transversales, como Traspasando muros. En cierto modo, este bebe de todos los trabajos que he hecho antes.<\/em><\/span><\/p>\n<p><strong><span style=\"color: #333333;\">\u00bfCrees que el arte y la cultura pueden transformar la sociedad?<\/span><\/strong><\/p>\n<p><span style=\"color: #999999;\"><em>De entrada creo que los problemas de la sociedad deben resolverlos los pol\u00edticos y que la pol\u00edtica deber\u00eda estar hecha por la gente.<\/em><\/span><\/p>\n<p><span style=\"color: #999999;\"><em>No creo en la idea del arte como soluci\u00f3n a problemas reales, porque es mentira. Una vez que las necesidades est\u00e1n cubiertas podemos ocuparnos del arte, entendiendo que el arte crea un espacio simb\u00f3lico. Yo entiendo el ser humano como simb\u00f3lico y las sociedades como productoras de su propio mundo simb\u00f3lico.<\/em><\/span><\/p>\n<p><strong>De\u00a0liderar proyectos de La Fura, que en su momento rompieron moldes, a trabajar con j\u00f3venes internos de un Centro Educativo de Justicia Juvenil.\u00bfPor qu\u00e9?<\/strong><\/p>\n<p><span style=\"color: #999999;\"><em>No estoy haciendo cosas tan diferentes de las que hac\u00eda en los 80&#8242;. En el fondo, se trata de intentar mejorar la situaci\u00f3n de la gente y en el caso de los chavaless, si alguno se queda con la idea de que hay un mundo m\u00e1s all\u00e1 de lo que conocen, ya es suficiente. Porque, adem\u00e1s, creo que lo han disfrutado. Lo que a m\u00ed me ha interesado es este intercambio, vinculado al proceso creativo individual o colectivo.<\/em><\/span><\/p>\n<p><span style=\"color: #999999;\"><em>De hecho, yo no dir\u00eda que estos chavales sean un colectivo complicado, creo que hay cierta mitificaci\u00f3n. Por un lado, hay una realidad, la de nanos emprendedores, que en algunos casos han llegado a Espa\u00f1a bajo un cami\u00f3n. Estos chavales tienen una capacidad de resoluci\u00f3n de su propia vida acojonante y han delinquido, porque es la \u00fanica forma que ten\u00edan de hacer frente a su situaci\u00f3n. Y la otra, es la realidad aqu\u00ed, chavales malcriados, no aceptados por los padres, que no los quer\u00edan, tienen un &#8220;karma mucho m\u00e1s chungo&#8221;.<\/em><\/span><\/p>\n<p><span style=\"color: #999999;\"><em>Todos est\u00e1n en un momento muy particular de su vida, los educadores los tratan muy bien, con una mano izquierda incre\u00edble.<\/em><\/span><\/p>\n<p>&nbsp;<\/p>\n<p>&nbsp;<\/p>\n","protected":false},"excerpt":{"rendered":"<p>Es cofundador de La Fura dels Baus, reconocido como una de las figuras m\u00e1s relevantes del arte electr\u00f3nico y la experimentaci\u00f3n esc\u00e9nica.<\/p>\n","protected":false},"author":1,"featured_media":0,"comment_status":"closed","ping_status":"closed","sticky":false,"template":"","format":"standard","meta":{"footnotes":""},"categories":[1090],"tags":[],"class_list":["post-29201","post","type-post","status-publish","format-standard","hentry","category-noticias"],"_links":{"self":[{"href":"https:\/\/fundaciosetba.org\/es\/wp-json\/wp\/v2\/posts\/29201","targetHints":{"allow":["GET"]}}],"collection":[{"href":"https:\/\/fundaciosetba.org\/es\/wp-json\/wp\/v2\/posts"}],"about":[{"href":"https:\/\/fundaciosetba.org\/es\/wp-json\/wp\/v2\/types\/post"}],"author":[{"embeddable":true,"href":"https:\/\/fundaciosetba.org\/es\/wp-json\/wp\/v2\/users\/1"}],"replies":[{"embeddable":true,"href":"https:\/\/fundaciosetba.org\/es\/wp-json\/wp\/v2\/comments?post=29201"}],"version-history":[{"count":0,"href":"https:\/\/fundaciosetba.org\/es\/wp-json\/wp\/v2\/posts\/29201\/revisions"}],"wp:attachment":[{"href":"https:\/\/fundaciosetba.org\/es\/wp-json\/wp\/v2\/media?parent=29201"}],"wp:term":[{"taxonomy":"category","embeddable":true,"href":"https:\/\/fundaciosetba.org\/es\/wp-json\/wp\/v2\/categories?post=29201"},{"taxonomy":"post_tag","embeddable":true,"href":"https:\/\/fundaciosetba.org\/es\/wp-json\/wp\/v2\/tags?post=29201"}],"curies":[{"name":"wp","href":"https:\/\/api.w.org\/{rel}","templated":true}]}}