{"id":29203,"date":"2018-10-25T00:00:00","date_gmt":"2018-10-24T23:00:00","guid":{"rendered":"https:\/\/fundaciosetba.org\/abriendo-caminos\/"},"modified":"2022-04-12T08:47:05","modified_gmt":"2022-04-12T07:47:05","slug":"abriendo-caminos","status":"publish","type":"post","link":"https:\/\/fundaciosetba.org\/es\/abriendo-caminos\/","title":{"rendered":"Abriendo caminos"},"content":{"rendered":"<p><em>Amb fotografies d&#8217;Oriol SegonAbriendo caminos<\/em> presenta el trabajo art\u00edstico realizado por los participantes del <em> Natura es Cultura 2018 <\/em>sobre una treintena de \u00e1rboles del bosque de la Torre dels Soldats, en el Camino Ganadero Central de Aviny\u00f3. Esta propuesta art\u00edstica se enmarca dentro de los principios del &#8220;Land Art&#8221; (Arte terrestre), donde las pinturas utilizadas no da\u00f1an los \u00e1rboles, porque s\u00f3lo act\u00faan en la corteza.<\/p>\n<p>En el a\u00f1o 2012, la Fundaci\u00f3n Setba organiz\u00f3 el proyecto <em>Natura es Cultura<\/em> por primera vez. Se trata de un respiro art\u00edstico a la naturaleza dirigido a personas que conviven con enfermedades mentales.<\/p>\n<p>Tambi\u00e9n desde 2012, del Ayuntamiento de Aviny\u00f3 y varios municipios de la Comarca han iniciado un proceso de recuperaci\u00f3n integral del camino de trashumancia (antigua v\u00eda pecuaria), que pasa tambi\u00e9n por la restauraci\u00f3n de la Torre dls Soldats, una de las pocas que a\u00fan queda en pie de la desaparecida red de telegraf\u00eda \u00f3ptica de Catalu\u00f1a.<\/p>\n<p><em>Abriendo caminos<\/em> es un punto de encuentro, un proyecto transversal donde convergen estas dos iniciativas: una de integraci\u00f3n social y la otra de recuperaci\u00f3n de un espacio clave de la historia rural de Catalu\u00f1a.<\/p>\n<p>Bajo la direcci\u00f3n del artista local Quim Moya cada uno de los participantes ha actuado sobre un \u00e1rbol; de esta manera el Bosque de la Torre dels Soldats adquiere un valor a\u00f1adido para el visitante, un valor social.<\/p>\n<p>El fot\u00f3grafo Oriol Segon Torra ha realizado el trabajo documental de todo el proceso.<\/p>\n<p><a title=\"Obrint camins\" href=\"https:\/\/www.flickr.com\/photos\/fundaciosetba\/albums\/72157697675600790\" data-flickr-embed=\"true\"><img loading=\"lazy\" decoding=\"async\" src=\"https:\/\/fundaciosetba.org\/wp-content\/uploads\/2021\/12\/45812454162_d09ee042e9_z.jpg\" alt='Obrint camins' width=\"750\" height=\"480\" \/><\/a><script async src=\"\/\/embedr.flickr.com\/assets\/client-code.js\" charset=\"utf-8\"><\/script><\/p>\n","protected":false},"excerpt":{"rendered":"<p>Abriendo caminos presenta el trabajo art\u00edstico realizado por un colectivo d epersonas con transtornos mentales, sobre una treintena de \u00e1rboles del Bosque de la Torre dels Soldats (Aviny\u00f3).<\/p>\n","protected":false},"author":1,"featured_media":26848,"comment_status":"closed","ping_status":"closed","sticky":false,"template":"","format":"standard","meta":{"footnotes":""},"categories":[1090],"tags":[],"class_list":["post-29203","post","type-post","status-publish","format-standard","has-post-thumbnail","hentry","category-noticias"],"_links":{"self":[{"href":"https:\/\/fundaciosetba.org\/es\/wp-json\/wp\/v2\/posts\/29203","targetHints":{"allow":["GET"]}}],"collection":[{"href":"https:\/\/fundaciosetba.org\/es\/wp-json\/wp\/v2\/posts"}],"about":[{"href":"https:\/\/fundaciosetba.org\/es\/wp-json\/wp\/v2\/types\/post"}],"author":[{"embeddable":true,"href":"https:\/\/fundaciosetba.org\/es\/wp-json\/wp\/v2\/users\/1"}],"replies":[{"embeddable":true,"href":"https:\/\/fundaciosetba.org\/es\/wp-json\/wp\/v2\/comments?post=29203"}],"version-history":[{"count":1,"href":"https:\/\/fundaciosetba.org\/es\/wp-json\/wp\/v2\/posts\/29203\/revisions"}],"predecessor-version":[{"id":30941,"href":"https:\/\/fundaciosetba.org\/es\/wp-json\/wp\/v2\/posts\/29203\/revisions\/30941"}],"wp:featuredmedia":[{"embeddable":true,"href":"https:\/\/fundaciosetba.org\/es\/wp-json\/wp\/v2\/media\/26848"}],"wp:attachment":[{"href":"https:\/\/fundaciosetba.org\/es\/wp-json\/wp\/v2\/media?parent=29203"}],"wp:term":[{"taxonomy":"category","embeddable":true,"href":"https:\/\/fundaciosetba.org\/es\/wp-json\/wp\/v2\/categories?post=29203"},{"taxonomy":"post_tag","embeddable":true,"href":"https:\/\/fundaciosetba.org\/es\/wp-json\/wp\/v2\/tags?post=29203"}],"curies":[{"name":"wp","href":"https:\/\/api.w.org\/{rel}","templated":true}]}}