{"id":29205,"date":"2013-10-24T00:00:00","date_gmt":"2013-10-23T23:00:00","guid":{"rendered":"https:\/\/fundaciosetba.org\/de-la-sombra-a-la-luz\/"},"modified":"2013-10-24T00:00:00","modified_gmt":"2013-10-23T23:00:00","slug":"de-la-sombra-a-la-luz","status":"publish","type":"post","link":"https:\/\/fundaciosetba.org\/es\/de-la-sombra-a-la-luz\/","title":{"rendered":"De la sombra a la luz"},"content":{"rendered":"<p>Este proyecto toma el arte como herramienta de transformaci\u00f3n. En las primeras ediciones, el veh\u00edculo fue la pintura y la escultura, pero desde el a\u00f1o 2015 se trabaja a partir de la fotograf\u00eda.<\/p>\n<p>El taller tiene una duraci\u00f3n trimestral, es gratuito y las usuarias pueden solicitar participar cuando se abren las inscripciones, el mes de septiembre. Las plazas son limitadas, por lo que se otorgan por estricto orden de registro.<\/p>\n<p>Cada a\u00f1o, coincidiendo con las \u00faltimas sesiones en el mes de noviembre, se organiza una acci\u00f3n a la calle para dar visibilidad a la lacra que representa la violencia de g\u00e9nero en nuestra sociedad.<\/p>\n<p>Desde el a\u00f1o 2017, y con la voluntad de dar continuidad al proyecto una vez finalizado el taller, las participantes tienen la oportunidad de formar parte de una exposici\u00f3n profesional, liderada por una fot\u00f3grafa de renombre. Esta muestra se itinera por varios espacios y se organizan actividades paralelas para darle m\u00e1s eco.<\/p>\n<p><iframe loading=\"lazy\" src=\"https:\/\/www.youtube.com\/embed\/GUKQ1Qo6pPU\" width=\"750\" height=\"421\" frameborder=\"0\" allowfullscreen=\"allowfullscreen\"><\/iframe><\/p>\n","protected":false},"excerpt":{"rendered":"<p>Taller de fotograf\u00eda y palabra para mujeres que han sufrido violencia machista<\/p>\n","protected":false},"author":1,"featured_media":0,"comment_status":"closed","ping_status":"closed","sticky":false,"template":"","format":"standard","meta":{"footnotes":""},"categories":[1],"tags":[],"class_list":["post-29205","post","type-post","status-publish","format-standard","hentry","category-sense-categoria"],"_links":{"self":[{"href":"https:\/\/fundaciosetba.org\/es\/wp-json\/wp\/v2\/posts\/29205","targetHints":{"allow":["GET"]}}],"collection":[{"href":"https:\/\/fundaciosetba.org\/es\/wp-json\/wp\/v2\/posts"}],"about":[{"href":"https:\/\/fundaciosetba.org\/es\/wp-json\/wp\/v2\/types\/post"}],"author":[{"embeddable":true,"href":"https:\/\/fundaciosetba.org\/es\/wp-json\/wp\/v2\/users\/1"}],"replies":[{"embeddable":true,"href":"https:\/\/fundaciosetba.org\/es\/wp-json\/wp\/v2\/comments?post=29205"}],"version-history":[{"count":0,"href":"https:\/\/fundaciosetba.org\/es\/wp-json\/wp\/v2\/posts\/29205\/revisions"}],"wp:attachment":[{"href":"https:\/\/fundaciosetba.org\/es\/wp-json\/wp\/v2\/media?parent=29205"}],"wp:term":[{"taxonomy":"category","embeddable":true,"href":"https:\/\/fundaciosetba.org\/es\/wp-json\/wp\/v2\/categories?post=29205"},{"taxonomy":"post_tag","embeddable":true,"href":"https:\/\/fundaciosetba.org\/es\/wp-json\/wp\/v2\/tags?post=29205"}],"curies":[{"name":"wp","href":"https:\/\/api.w.org\/{rel}","templated":true}]}}