{"id":29210,"date":"2018-10-24T00:00:00","date_gmt":"2018-10-23T23:00:00","guid":{"rendered":"https:\/\/fundaciosetba.org\/la-memoria-de-la-plaza\/"},"modified":"2022-04-12T08:47:24","modified_gmt":"2022-04-12T07:47:24","slug":"la-memoria-de-la-plaza","status":"publish","type":"post","link":"https:\/\/fundaciosetba.org\/es\/la-memoria-de-la-plaza\/","title":{"rendered":"La memoria de la plaza"},"content":{"rendered":"<p>En noviembre de 2012 Setba organiz\u00f3 la exposici\u00f3n <em>La memoria de la plaza<\/em>, un homenaje al entorno donde se encuentra su sede institucional: la plaza Real de Barcelona.<\/p>\n<p>El gran \u00e9xito de p\u00fablico y la repercusi\u00f3n en los medios de comunicaci\u00f3n, permiti\u00f3 que esta primera exposici\u00f3n tuviera continuidad anual y se convirtiera en un proyecto m\u00e1s ambicioso para recuperar la historia y los recuerdos sobre este lugar.<\/p>\n<p>Este proyecto se organiza con la colaboraci\u00f3n de la Asociaci\u00f3n la Real y el apoyo del distrito de Ciutat Vella. El objetivo es reivindicar la importancia de la plaza en el conjunto de la ciudad y recuperarla por los barceloneses; preservar la memoria de las personas sobre este espacio emblem\u00e1tico y los establecimientos que la han configurado a trav\u00e9s del tiempo; y, en \u00faltimo t\u00e9rmino, promover la actividad local, acercando el p\u00fablico a los establecimientos.<\/p>\n<p>El a\u00f1o 2017 se present\u00f3 la p\u00e1gina web <a href=\"http:\/\/www.lamemoriadelaplaca.com\/es\"> lamemoriadelaplaca.com<\/a>, un espacio virtual donde todo el material que la Fundaci\u00f3n Setba ha ido recogiendo estos a\u00f1os (fotos, documentaci\u00f3n, testimonios de vecinos, historiadores y comerciantes &#8230;) se pone al alcance de todos.<\/p>\n<p><img loading=\"lazy\" decoding=\"async\" class=\"alignleft size-medium wp-image-16563\" src=\"https:\/\/fundaciosetba.org\/wp-content\/uploads\/2021\/12\/1_1.jpg\" alt='Untitled' width=\"750\" height=\"327\" \/><\/p>\n","protected":false},"excerpt":{"rendered":"<p>Proyecto de archivo para recuperar la memoria de las personas mayores de Ciutat Vella y, particularmente, sus recuerdos de la plaza Real.<\/p>\n","protected":false},"author":1,"featured_media":29207,"comment_status":"closed","ping_status":"closed","sticky":false,"template":"","format":"standard","meta":{"footnotes":""},"categories":[1090],"tags":[],"class_list":["post-29210","post","type-post","status-publish","format-standard","has-post-thumbnail","hentry","category-noticias"],"_links":{"self":[{"href":"https:\/\/fundaciosetba.org\/es\/wp-json\/wp\/v2\/posts\/29210","targetHints":{"allow":["GET"]}}],"collection":[{"href":"https:\/\/fundaciosetba.org\/es\/wp-json\/wp\/v2\/posts"}],"about":[{"href":"https:\/\/fundaciosetba.org\/es\/wp-json\/wp\/v2\/types\/post"}],"author":[{"embeddable":true,"href":"https:\/\/fundaciosetba.org\/es\/wp-json\/wp\/v2\/users\/1"}],"replies":[{"embeddable":true,"href":"https:\/\/fundaciosetba.org\/es\/wp-json\/wp\/v2\/comments?post=29210"}],"version-history":[{"count":1,"href":"https:\/\/fundaciosetba.org\/es\/wp-json\/wp\/v2\/posts\/29210\/revisions"}],"predecessor-version":[{"id":30943,"href":"https:\/\/fundaciosetba.org\/es\/wp-json\/wp\/v2\/posts\/29210\/revisions\/30943"}],"wp:featuredmedia":[{"embeddable":true,"href":"https:\/\/fundaciosetba.org\/es\/wp-json\/wp\/v2\/media\/29207"}],"wp:attachment":[{"href":"https:\/\/fundaciosetba.org\/es\/wp-json\/wp\/v2\/media?parent=29210"}],"wp:term":[{"taxonomy":"category","embeddable":true,"href":"https:\/\/fundaciosetba.org\/es\/wp-json\/wp\/v2\/categories?post=29210"},{"taxonomy":"post_tag","embeddable":true,"href":"https:\/\/fundaciosetba.org\/es\/wp-json\/wp\/v2\/tags?post=29210"}],"curies":[{"name":"wp","href":"https:\/\/api.w.org\/{rel}","templated":true}]}}