{"id":29217,"date":"2018-11-08T00:00:00","date_gmt":"2018-11-07T23:00:00","guid":{"rendered":"https:\/\/fundaciosetba.org\/el-arte-irreductible-espejismos-del-art-brut\/"},"modified":"2022-04-12T08:46:57","modified_gmt":"2022-04-12T07:46:57","slug":"el-arte-irreductible-espejismos-del-art-brut","status":"publish","type":"post","link":"https:\/\/fundaciosetba.org\/es\/el-arte-irreductible-espejismos-del-art-brut\/","title":{"rendered":"El Arte irreductible: espejismos del Art Brut"},"content":{"rendered":"<p>\u201cEl Arte irreductible\u201d aborda uno de los fen\u00f3menos art\u00edsticos m\u00e1s relevantes del arte del siglo xx y su evoluci\u00f3n hasta la actualidad: el <em>art brut<\/em>.<\/p>\n<p>En la d\u00e9cada de los cuarenta se acu\u00f1a la etiqueta <em>art brut<\/em>. para denominar las creaciones art\u00edsticas realizadas en \u00e1mbitos al margen de la normalidad social, tales como centros psiqui\u00e1tricos, prisiones o espacios de aislamiento. Estas producciones art\u00edsticas que germinaban fuera del sistema del arte estaban realizadas por personas sin conciencia de ser artistas, personas guiadas solo por la pura necesidad de crear.<\/p>\n<p>Sin embargo, la etiqueta <em>art brut<\/em> comenzar\u00eda a lo largo del siglo xx a incorporar nuevas subcategor\u00edas, a ser revisada, apropiada y renombrada como <em>outsider art<\/em>\u00a0As\u00ed, hoy se ha convertido en una amalgama confusa de t\u00e9rminos, en un espejismo colectivo formado por intuiciones sobre lo que significa ser <em>brut<\/em> u <em>outsider<\/em>\u00a0En la actualidad, el <em>art brut<\/em>\u00a0y sus mutaciones conforman un abanico que puede abarcar un n\u00famero enorme de pr\u00e1cticas art\u00edsticas.<\/p>\n<p>\u201cEl Arte irreductible\u201d indaga en las entra\u00f1as de este gran espejismo contempor\u00e1neo y, a la vez, subraya el origen del <em>art brut<\/em>\u00a0en el \u00e1mbito de la enfermedad mental. Como resultado, se hace patente que esta genealog\u00eda de expresiones art\u00edsticas radicales y honestas que han intentado ser reducidas bajo diversas terminolog\u00edas es en realidad irreductible por dos razones: por surgir de la necesidad irrefrenable de crear bajo cualquier condici\u00f3n, pero tambi\u00e9n porque encarnan la esencia pura de la singularidad y son, por tanto, irreductibles a cualquier etiqueta.<\/p>\n<p>La exposici\u00f3n se desarrolla en dos sedes: <a href=\"http:\/\/lamodel.barcelona\/es\">La Model Espai Memorial<\/a>\u00a0y la\u00a0<a href=\"http:\/\/naugaudi.cat\/es\">Nau Gaud\u00ed de Matar\u00f3<\/a>.<\/p>\n<h6><strong>ACTIVIDADES PARALELAS\u00a0EN LA MODEL<\/strong><\/h6>\n<p><strong>MESA REDONDA COLECCIONISMO OUTSIDER: LA PASI\u00d3N POR LA SINGULARIDAD<\/strong><br \/>\nA cargo de Mery Cuesta, comisaria de la exposici\u00f3n<br \/>\nJueves 13 de diciembre de 2018\/19: 00h<\/p>\n<p><strong>PRESENTACI\u00d3N PROYECTO MIL CAPS<\/strong><br \/>\nA cargo de Marcel\u00b7l\u00ed Ant\u00fanez, artista<br \/>\nJueves 20 de diciembre de 2018\/19:00h<\/p>\n<p><strong>CHARLA MUJERES SENSITIVAS, M\u00c9DIUMS\u00a0Y VISIONARIAS<\/strong><br \/>\nA cargo de Pilar Bonet, responsable de la Asociaci\u00f3n Josefa Tolr\u00e0<br \/>\nJueves 17 de enero de 2019\/19:00h<\/p>\n<h6><strong>ACTIVIDADES PARALELAS EN LA NAU GAUD\u00cd<\/strong><\/h6>\n<p><strong>MESA REDONDA COLECCIONISMO\u00a0OUTSIDER: LA PASI\u00d3N POR LA SINGULARIDAD<\/strong><br \/>\nA cargo de Mery Cuesta, comisaria de la exposici\u00f3n<br \/>\nMartes 4 de diciembre de 2018\/19:30h<\/p>\n<p><strong>CHARLA El AFFAIRE &#8220;GAUD\u00cd-LAFFOLEY&#8221;: GAUD\u00cd EN LA ZONA 0 DE NUEVA YORK<\/strong><br \/>\nA cargo de Marc Mascort, responsable de Cultura\u00a0en Montana Colors<br \/>\nMartes 18 de diciembre de 2018\/19:30h<\/p>\n<p><strong>PRESENTACI\u00d3N DEL CAT\u00c1LOGO DE LA EXPOSICI\u00d3N<\/strong><br \/>\nA cargo de N\u00faria Poch, directora del Consorcio Museo de Arte de Matar\u00f3<\/p>\n<p>&nbsp;<\/p>\n<p><a title=\"L'Art irreductible: miratges de l'Art Brut\" href=\"https:\/\/www.flickr.com\/photos\/fundaciosetba\/albums\/72157673443322467\" data-flickr-embed=\"true\"><img loading=\"lazy\" decoding=\"async\" src=\"https:\/\/fundaciosetba.org\/wp-content\/uploads\/2021\/12\/45861069871_775598286c_z.jpg\" alt='L'Art irreductible: miratges de l'Art Brut\" width=\"468\" height=\"640\" \/><\/a><script async src=\"\/\/embedr.flickr.com\/assets\/client-code.js\" charset=\"utf-8\"><\/script><\/p>\n","protected":false},"excerpt":{"rendered":"<p>La Model de Barcelona y la Nau Gaud\u00ed de Matar\u00f3 exponen obras de internos psiqui\u00e1tricos y artistas con enfermedad mental para explorar y redefinir el concepto art brut.<\/p>\n","protected":false},"author":1,"featured_media":26842,"comment_status":"closed","ping_status":"closed","sticky":false,"template":"","format":"standard","meta":{"footnotes":""},"categories":[1090],"tags":[],"class_list":["post-29217","post","type-post","status-publish","format-standard","has-post-thumbnail","hentry","category-noticias"],"_links":{"self":[{"href":"https:\/\/fundaciosetba.org\/es\/wp-json\/wp\/v2\/posts\/29217","targetHints":{"allow":["GET"]}}],"collection":[{"href":"https:\/\/fundaciosetba.org\/es\/wp-json\/wp\/v2\/posts"}],"about":[{"href":"https:\/\/fundaciosetba.org\/es\/wp-json\/wp\/v2\/types\/post"}],"author":[{"embeddable":true,"href":"https:\/\/fundaciosetba.org\/es\/wp-json\/wp\/v2\/users\/1"}],"replies":[{"embeddable":true,"href":"https:\/\/fundaciosetba.org\/es\/wp-json\/wp\/v2\/comments?post=29217"}],"version-history":[{"count":1,"href":"https:\/\/fundaciosetba.org\/es\/wp-json\/wp\/v2\/posts\/29217\/revisions"}],"predecessor-version":[{"id":30940,"href":"https:\/\/fundaciosetba.org\/es\/wp-json\/wp\/v2\/posts\/29217\/revisions\/30940"}],"wp:featuredmedia":[{"embeddable":true,"href":"https:\/\/fundaciosetba.org\/es\/wp-json\/wp\/v2\/media\/26842"}],"wp:attachment":[{"href":"https:\/\/fundaciosetba.org\/es\/wp-json\/wp\/v2\/media?parent=29217"}],"wp:term":[{"taxonomy":"category","embeddable":true,"href":"https:\/\/fundaciosetba.org\/es\/wp-json\/wp\/v2\/categories?post=29217"},{"taxonomy":"post_tag","embeddable":true,"href":"https:\/\/fundaciosetba.org\/es\/wp-json\/wp\/v2\/tags?post=29217"}],"curies":[{"name":"wp","href":"https:\/\/api.w.org\/{rel}","templated":true}]}}