{"id":29218,"date":"2018-11-13T00:00:00","date_gmt":"2018-11-12T23:00:00","guid":{"rendered":"https:\/\/fundaciosetba.org\/milcaps\/"},"modified":"2022-04-12T08:46:38","modified_gmt":"2022-04-12T07:46:38","slug":"milcaps","status":"publish","type":"post","link":"https:\/\/fundaciosetba.org\/es\/milcaps\/","title":{"rendered":"Milcaps"},"content":{"rendered":"<p><em>Milcaps<\/em> es una escultura p\u00fablica colaborativa y ef\u00edmera realizada por el artista Marcel\u00b7l\u00ed Ant\u00fanez con los usuarios de diversas entidades del \u00e1mbito de la salud mental: AlterArte, el Hospital de Matar\u00f3 y Les Corts Centre d&#8217;Higiene Mental. Asimismo, tambi\u00e9n han intervenido alumnos de la Facultad de Bellas Artes y de la Llotja de Barcelona y alumnos de bachillerato art\u00edstico de los institutos Puig y Cadafalch, Santa Ana y Satorras de Matar\u00f3.<\/p>\n<p>El monumento est\u00e1 realizado con materiales ligeros como madera y botellas de pl\u00e1stico recicladas y, como el propio t\u00edtulo indica, se compone de una gran cantidad de cabezas. Cada colaborador ha trabajado estos retratos bajo una consigna autobiogr\u00e1fica, a\u00f1adiendo frases relativas a su situaci\u00f3n y vivencias diarias.<\/p>\n<p><em>Milcaps<\/em> forma parte de una serie de monumentos p\u00fablicos ef\u00edmeros de construcci\u00f3n popular que el artista Marcel\u00b7l\u00ed Ant\u00fanez trabaja desde 2014.<\/p>\n<p>Tras el cierre de la exposici\u00f3n <a href=\"https:\/\/fundaciosetba.org\/es\/el-arte-irreductible-espejismos-del-art-brut\/\">&#8220;El arte irreducible: espejismos del\u00a0<em>art brut&#8221;<\/em><\/a>\u00a0la escultura ser\u00e1\u00a0quemada\u00a0en la playa de Matar\u00f3 como acto ritual de liberaci\u00f3n.<\/p>\n[metaslider id=17844]\n","protected":false},"excerpt":{"rendered":"<p>Milcaps es un proyecto de una \u00fanica edici\u00f3n, liderado por el artista Marcel\u00b7l\u00ed Ant\u00fanez, en que participan usuarios de diversas entidades del \u00e1mbito de la salud mental.<\/p>\n","protected":false},"author":1,"featured_media":0,"comment_status":"closed","ping_status":"closed","sticky":false,"template":"","format":"standard","meta":{"footnotes":""},"categories":[1090],"tags":[],"class_list":["post-29218","post","type-post","status-publish","format-standard","hentry","category-noticias"],"_links":{"self":[{"href":"https:\/\/fundaciosetba.org\/es\/wp-json\/wp\/v2\/posts\/29218","targetHints":{"allow":["GET"]}}],"collection":[{"href":"https:\/\/fundaciosetba.org\/es\/wp-json\/wp\/v2\/posts"}],"about":[{"href":"https:\/\/fundaciosetba.org\/es\/wp-json\/wp\/v2\/types\/post"}],"author":[{"embeddable":true,"href":"https:\/\/fundaciosetba.org\/es\/wp-json\/wp\/v2\/users\/1"}],"replies":[{"embeddable":true,"href":"https:\/\/fundaciosetba.org\/es\/wp-json\/wp\/v2\/comments?post=29218"}],"version-history":[{"count":1,"href":"https:\/\/fundaciosetba.org\/es\/wp-json\/wp\/v2\/posts\/29218\/revisions"}],"predecessor-version":[{"id":30938,"href":"https:\/\/fundaciosetba.org\/es\/wp-json\/wp\/v2\/posts\/29218\/revisions\/30938"}],"wp:attachment":[{"href":"https:\/\/fundaciosetba.org\/es\/wp-json\/wp\/v2\/media?parent=29218"}],"wp:term":[{"taxonomy":"category","embeddable":true,"href":"https:\/\/fundaciosetba.org\/es\/wp-json\/wp\/v2\/categories?post=29218"},{"taxonomy":"post_tag","embeddable":true,"href":"https:\/\/fundaciosetba.org\/es\/wp-json\/wp\/v2\/tags?post=29218"}],"curies":[{"name":"wp","href":"https:\/\/api.w.org\/{rel}","templated":true}]}}