{"id":29221,"date":"2019-01-07T00:00:00","date_gmt":"2019-01-06T23:00:00","guid":{"rendered":"https:\/\/fundaciosetba.org\/bases-balcon-artes-2019\/"},"modified":"2019-01-07T00:00:00","modified_gmt":"2019-01-06T23:00:00","slug":"bases-balcon-artes-2019","status":"publish","type":"post","link":"https:\/\/fundaciosetba.org\/es\/bases-balcon-artes-2019\/","title":{"rendered":"Bases &#8220;El Balc\u00f3n de las Artes 2019&#8221;"},"content":{"rendered":"<p>\u00a1Un a\u00f1o m\u00e1s, <em>El Balc\u00f3n de las Artes<\/em> se abre los artistas de toda Catalu\u00f1a!<\/p>\n<p>Ya son 9 las ediciones de este certamen que la Fundaci\u00f3n Setba convoca para premiar y poner en valor el talento de artistas con discapacidad intelectual o del desarrollo. Esta convocatoria incluye un<strong> Premio art\u00edstico<\/strong> y un <strong>Premio de dise\u00f1o<\/strong>, y es posible gracias a la colaboraci\u00f3n de muchas entidades y empresas.<\/p>\n<p>Descarga las <a href=\"https:\/\/fundaciosetba.org\/wp-content\/uploads\/2019\/02\/BASES-El-Balc\u00f3-de-les-Arts-2019-1.pdf\" target=\"_blank\" rel=\"noopener\"><strong>BASES El Balc\u00f3n de las Artes 2019<\/strong><\/a> y rellena el formulario de participaci\u00f3n antes del 22 de marzo de 2019.<\/p>\n<div class=\"typeform-widget\" style=\"width: 100%; height: 500px;\" data-url=\"https:\/\/fundaciosetba.typeform.com\/to\/PTG8pc\"><\/div>\n<p><script> (function() { var qs,js,q,s,d=document, gi=d.getElementById, ce=d.createElement, gt=d.getElementsByTagName, id=\"typef_orm\", b=\"https:\/\/embed.typeform.com\/\"; if(!gi.call(d,id)) { js=ce.call(d,\"script\"); js.id=id; js.src=b+\"embed.js\"; q=gt.call(d,\"script\")[0]; q.parentNode.insertBefore(js,q) } })() <\/script><\/p>\n<div style=\"font-family: Sans-Serif; font-size: 12px; color: #999; opacity: 0.5; padding-top: 5px;\">powered by <a style=\"color: #999;\" href=\"https:\/\/admin.typeform.com\/signup?utm_campaign=PTG8pc&amp;utm_source=typeform.com-11522093-Pro&amp;utm_medium=typeform&amp;utm_content=typeform-embedded-poweredbytypeform&amp;utm_term=ES\" target=\"_blank\" rel=\"noopener\">Typeform<\/a><\/div>\n","protected":false},"excerpt":{"rendered":"<p>El plazo de presentaci\u00f3n de las obras y la documentaci\u00f3n para participar en el certamen finaliza el 22 de marzo de 2019.<\/p>\n","protected":false},"author":1,"featured_media":0,"comment_status":"closed","ping_status":"closed","sticky":false,"template":"","format":"standard","meta":{"footnotes":""},"categories":[1090],"tags":[],"class_list":["post-29221","post","type-post","status-publish","format-standard","hentry","category-noticias"],"_links":{"self":[{"href":"https:\/\/fundaciosetba.org\/es\/wp-json\/wp\/v2\/posts\/29221","targetHints":{"allow":["GET"]}}],"collection":[{"href":"https:\/\/fundaciosetba.org\/es\/wp-json\/wp\/v2\/posts"}],"about":[{"href":"https:\/\/fundaciosetba.org\/es\/wp-json\/wp\/v2\/types\/post"}],"author":[{"embeddable":true,"href":"https:\/\/fundaciosetba.org\/es\/wp-json\/wp\/v2\/users\/1"}],"replies":[{"embeddable":true,"href":"https:\/\/fundaciosetba.org\/es\/wp-json\/wp\/v2\/comments?post=29221"}],"version-history":[{"count":0,"href":"https:\/\/fundaciosetba.org\/es\/wp-json\/wp\/v2\/posts\/29221\/revisions"}],"wp:attachment":[{"href":"https:\/\/fundaciosetba.org\/es\/wp-json\/wp\/v2\/media?parent=29221"}],"wp:term":[{"taxonomy":"category","embeddable":true,"href":"https:\/\/fundaciosetba.org\/es\/wp-json\/wp\/v2\/categories?post=29221"},{"taxonomy":"post_tag","embeddable":true,"href":"https:\/\/fundaciosetba.org\/es\/wp-json\/wp\/v2\/tags?post=29221"}],"curies":[{"name":"wp","href":"https:\/\/api.w.org\/{rel}","templated":true}]}}