{"id":29223,"date":"2019-02-26T00:00:00","date_gmt":"2019-02-25T23:00:00","guid":{"rendered":"https:\/\/fundaciosetba.org\/expo-en-ruta-cicatriu\/"},"modified":"2022-04-12T08:46:18","modified_gmt":"2022-04-12T07:46:18","slug":"expo-en-ruta-cicatriu","status":"publish","type":"post","link":"https:\/\/fundaciosetba.org\/es\/expo-en-ruta-cicatriu\/","title":{"rendered":"Expo en ruta  &#8220;Cicatriz&#8221;"},"content":{"rendered":"<p>&#8220;Cicatriz&#8221; es una exposici\u00f3n fotogr\u00e1fica que se enmarca en el proyecto <em>De la sombra a la luz<\/em>, de la Fundaci\u00f3n Setba y Photogenic Festival. &#8220;Cicatriz&#8221; es la culminaci\u00f3n del recorrido que han hecho un grupo de mujeres que han sufrido violencia machista, de la mano del fot\u00f3grafo y asistente social Ventura Camacho.<\/p>\n<p>Esta exposici\u00f3n no es s\u00f3lo una denuncia contra la lacra de la violencia hacia las mujeres, sino tambi\u00e9n de un grito de esperanza y de la firme convicci\u00f3n de que hay salida, a pesar de las cicatrices. Al fin y al cabo, una cicatriz es una herida curada.<\/p>\n<p>La exposici\u00f3n est\u00e1 formada por una serie de im\u00e1genes que explican el d\u00eda a d\u00eda de un grupo de mujeres:<\/p>\n<p>15 fotograf\u00edas en blanco y negro de Sandra Balsells (Premio Ortega y Gasset a la Mejor Labor Informativa, 2006), que ha hecho un seguimiento de la vida de la Bibi, una de estas mujeres con &#8220;una cicatriz de por vida&#8221;, como dice ella misma.<\/p>\n<p>14 fotograf\u00edas realizadas por Alena Blanch, Aureti, M\u00e0gika y Mona Gonz\u00e1lez, cuatro de las participantes del taller de fotograf\u00eda y palabra que organiza la Fundaci\u00f3n Setba.<br \/>\n[metaslider id=17845]\n<p>&nbsp;<\/p>\n[metaslider id=18291]\n","protected":false},"excerpt":{"rendered":"<p>Exposici\u00f3n fotogr\u00e1fica, apadrinada por Sandra Balsells, sobre el d\u00eda a d\u00eda de cinco mujeres que han sufrido violencia machista.<\/p>\n","protected":false},"author":1,"featured_media":0,"comment_status":"closed","ping_status":"closed","sticky":false,"template":"","format":"standard","meta":{"footnotes":""},"categories":[1090],"tags":[],"class_list":["post-29223","post","type-post","status-publish","format-standard","hentry","category-noticias"],"_links":{"self":[{"href":"https:\/\/fundaciosetba.org\/es\/wp-json\/wp\/v2\/posts\/29223","targetHints":{"allow":["GET"]}}],"collection":[{"href":"https:\/\/fundaciosetba.org\/es\/wp-json\/wp\/v2\/posts"}],"about":[{"href":"https:\/\/fundaciosetba.org\/es\/wp-json\/wp\/v2\/types\/post"}],"author":[{"embeddable":true,"href":"https:\/\/fundaciosetba.org\/es\/wp-json\/wp\/v2\/users\/1"}],"replies":[{"embeddable":true,"href":"https:\/\/fundaciosetba.org\/es\/wp-json\/wp\/v2\/comments?post=29223"}],"version-history":[{"count":1,"href":"https:\/\/fundaciosetba.org\/es\/wp-json\/wp\/v2\/posts\/29223\/revisions"}],"predecessor-version":[{"id":30936,"href":"https:\/\/fundaciosetba.org\/es\/wp-json\/wp\/v2\/posts\/29223\/revisions\/30936"}],"wp:attachment":[{"href":"https:\/\/fundaciosetba.org\/es\/wp-json\/wp\/v2\/media?parent=29223"}],"wp:term":[{"taxonomy":"category","embeddable":true,"href":"https:\/\/fundaciosetba.org\/es\/wp-json\/wp\/v2\/categories?post=29223"},{"taxonomy":"post_tag","embeddable":true,"href":"https:\/\/fundaciosetba.org\/es\/wp-json\/wp\/v2\/tags?post=29223"}],"curies":[{"name":"wp","href":"https:\/\/api.w.org\/{rel}","templated":true}]}}