{"id":29227,"date":"2019-02-26T00:00:00","date_gmt":"2019-02-25T23:00:00","guid":{"rendered":"https:\/\/fundaciosetba.org\/linea-de-fuga\/"},"modified":"2022-04-12T08:46:28","modified_gmt":"2022-04-12T07:46:28","slug":"linea-de-fuga","status":"publish","type":"post","link":"https:\/\/fundaciosetba.org\/es\/linea-de-fuga\/","title":{"rendered":"L\u00ednea de fuga"},"content":{"rendered":"<p>&#8220;L\u00ednea de Fuga&#8221; es un proyecto de Oak Stories, Fundaci\u00f3n Setba y la Asociaci\u00f3n de Amigos y Comerciantes de la Plaza Real con el apoyo de la Concejal\u00eda de Comercio del Ayuntamiento de Barcelona.<\/p>\n<p>Se trata de una exposici\u00f3n fotogr\u00e1fica, al aire libre, que estar\u00e1 vigente desde el 5 al 25 de marzo en la plaza Real. El proyecto fotogr\u00e1fico relaciona y contextualiza personas migrantes, refugiadas y solicitantes de asilo en Barcelona. Y lo hace narrando la historia de 10 de estos reci\u00e9n llegados que viven en nuestra ciudad.<\/p>\n<p>Cada d\u00eda hay m\u00e1s y m\u00e1s personas dejan su pa\u00eds de origen a consecuencia de guerras y conflictos, de situaciones de violencia generalizada o violaciones sistem\u00e1ticas de los derechos humanos. Seg\u00fan datos aportados por el Alto Comisionado de las Naciones Unidas para los Refugiados (ACNUR), vivimos actualmente el mayor \u00e9xodo jam\u00e1s registrado en la historia de la humanidad: el 30 de junio de 2017, casi 70 millones de personas hab\u00edan abandonado obligatoriamente sus hogares. Las previsiones apuntan a que esta cifra no dejar\u00e1 de aumentar.<\/p>\n<p><img loading=\"lazy\" decoding=\"async\" class=\"alignleft size-large wp-image-18394\" src=\"https:\/\/fundaciosetba.org\/wp-content\/uploads\/2021\/12\/mapa-01-1024x585.png\" alt='mapa-01' width=\"604\" height=\"345\" \/><\/p>\n<p>&nbsp;<\/p>\n<div class=\"w-gallery fit_cover wp_gallery type_grid action_popup_image ratio_1x1 count_0\" style=\"--columns:3;--items-gap:0px;\"><div class=\"w-gallery-no-results\">No se han encontrado resultados.<\/div><\/div>\n<p>La muestra se enmarca en la celebraci\u00f3n de los 20 a\u00f1os de la Asociaci\u00f3n La Real.<\/p>\n","protected":false},"excerpt":{"rendered":"<p>Exposici\u00f3n fotogr\u00e1fica al aire libre sobre la historia de varias personas migrantes que viven en nuestra ciudad.<\/p>\n","protected":false},"author":1,"featured_media":0,"comment_status":"closed","ping_status":"closed","sticky":false,"template":"","format":"standard","meta":{"footnotes":""},"categories":[1090],"tags":[],"class_list":["post-29227","post","type-post","status-publish","format-standard","hentry","category-noticias"],"_links":{"self":[{"href":"https:\/\/fundaciosetba.org\/es\/wp-json\/wp\/v2\/posts\/29227","targetHints":{"allow":["GET"]}}],"collection":[{"href":"https:\/\/fundaciosetba.org\/es\/wp-json\/wp\/v2\/posts"}],"about":[{"href":"https:\/\/fundaciosetba.org\/es\/wp-json\/wp\/v2\/types\/post"}],"author":[{"embeddable":true,"href":"https:\/\/fundaciosetba.org\/es\/wp-json\/wp\/v2\/users\/1"}],"replies":[{"embeddable":true,"href":"https:\/\/fundaciosetba.org\/es\/wp-json\/wp\/v2\/comments?post=29227"}],"version-history":[{"count":1,"href":"https:\/\/fundaciosetba.org\/es\/wp-json\/wp\/v2\/posts\/29227\/revisions"}],"predecessor-version":[{"id":30937,"href":"https:\/\/fundaciosetba.org\/es\/wp-json\/wp\/v2\/posts\/29227\/revisions\/30937"}],"wp:attachment":[{"href":"https:\/\/fundaciosetba.org\/es\/wp-json\/wp\/v2\/media?parent=29227"}],"wp:term":[{"taxonomy":"category","embeddable":true,"href":"https:\/\/fundaciosetba.org\/es\/wp-json\/wp\/v2\/categories?post=29227"},{"taxonomy":"post_tag","embeddable":true,"href":"https:\/\/fundaciosetba.org\/es\/wp-json\/wp\/v2\/tags?post=29227"}],"curies":[{"name":"wp","href":"https:\/\/api.w.org\/{rel}","templated":true}]}}