{"id":29231,"date":"2019-02-27T00:00:00","date_gmt":"2019-02-26T23:00:00","guid":{"rendered":"https:\/\/fundaciosetba.org\/traspassant-murs-2019\/"},"modified":"2022-04-12T08:45:51","modified_gmt":"2022-04-12T07:45:51","slug":"traspassant-murs-2019","status":"publish","type":"post","link":"https:\/\/fundaciosetba.org\/es\/traspassant-murs-2019\/","title":{"rendered":"Traspasando muros 2019"},"content":{"rendered":"<p>Por segundo a\u00f1o, la Fundaci\u00f3n Setba vuelve a Can Llupi\u00e0 para continuar un proyecto que inici\u00f3 la primavera de 2018, con el artista Marcel\u00b7l\u00ed Ant\u00fanez al frente. Se trata de una acci\u00f3n art\u00edstica con los internos del centro para poner color al muro que la rodea.<\/p>\n<p>Con el proyecto <em>Traspasando Muros<\/em>, la Fundaci\u00f3n Setba quiere acercar el arte a este colectivo, crear complicidades en el grupo y hacer visible la realidad de este\u00a0centro. Este a\u00f1o la voluntad es que el proyecto salga fuera, en forma de exposici\u00f3n.<\/p>\n<p><img loading=\"lazy\" decoding=\"async\" class=\"alignleft size-full wp-image-18679\" src=\"https:\/\/fundaciosetba.org\/wp-content\/uploads\/2021\/12\/IMG_20190408_154905.jpg\" alt='IMG_20190408_154905' width=\"4000\" height=\"2250\" \/><\/p>\n<p><strong>PARAPUPAPI\u00c0<\/strong><\/p>\n<p>El t\u00edtulo de la acci\u00f3n para este 2019 es &#8220;Parapupapi\u00e0&#8221; y se inspira en las fases de desarrollo de una mariposa, desde que es una cris\u00e1lida (pupa) hasta que se forma completamente, vuela y puede salir a la exterior. El trabajo de continuidad sobre el segundo muro de Can Llupi\u00e0 durar\u00e1 4 semanas y participar\u00e1n una cincuentena de j\u00f3venes.<\/p>\n<p><iframe loading=\"lazy\" width=\"853\" height=\"480\" src=\"https:\/\/www.youtube.com\/embed\/_qx7C2ht5y0\" frameborder=\"0\" allow=\"accelerometer; autoplay; encrypted-media; gyroscope; picture-in-picture\" allowfullscreen><\/iframe><\/p>\n","protected":false},"excerpt":{"rendered":"<p>Tornem a Can Llupi\u00e0 per seguir donant color al mur del centre amb 1 cinquantena de joves, dirigits per Marcel\u00b7l\u00ed Ant\u00fanez.<\/p>\n","protected":false},"author":1,"featured_media":29228,"comment_status":"closed","ping_status":"closed","sticky":false,"template":"","format":"standard","meta":{"footnotes":""},"categories":[1090],"tags":[],"class_list":["post-29231","post","type-post","status-publish","format-standard","has-post-thumbnail","hentry","category-noticias"],"_links":{"self":[{"href":"https:\/\/fundaciosetba.org\/es\/wp-json\/wp\/v2\/posts\/29231","targetHints":{"allow":["GET"]}}],"collection":[{"href":"https:\/\/fundaciosetba.org\/es\/wp-json\/wp\/v2\/posts"}],"about":[{"href":"https:\/\/fundaciosetba.org\/es\/wp-json\/wp\/v2\/types\/post"}],"author":[{"embeddable":true,"href":"https:\/\/fundaciosetba.org\/es\/wp-json\/wp\/v2\/users\/1"}],"replies":[{"embeddable":true,"href":"https:\/\/fundaciosetba.org\/es\/wp-json\/wp\/v2\/comments?post=29231"}],"version-history":[{"count":1,"href":"https:\/\/fundaciosetba.org\/es\/wp-json\/wp\/v2\/posts\/29231\/revisions"}],"predecessor-version":[{"id":30933,"href":"https:\/\/fundaciosetba.org\/es\/wp-json\/wp\/v2\/posts\/29231\/revisions\/30933"}],"wp:featuredmedia":[{"embeddable":true,"href":"https:\/\/fundaciosetba.org\/es\/wp-json\/wp\/v2\/media\/29228"}],"wp:attachment":[{"href":"https:\/\/fundaciosetba.org\/es\/wp-json\/wp\/v2\/media?parent=29231"}],"wp:term":[{"taxonomy":"category","embeddable":true,"href":"https:\/\/fundaciosetba.org\/es\/wp-json\/wp\/v2\/categories?post=29231"},{"taxonomy":"post_tag","embeddable":true,"href":"https:\/\/fundaciosetba.org\/es\/wp-json\/wp\/v2\/tags?post=29231"}],"curies":[{"name":"wp","href":"https:\/\/api.w.org\/{rel}","templated":true}]}}