{"id":29232,"date":"2019-02-27T00:00:00","date_gmt":"2019-02-26T23:00:00","guid":{"rendered":"https:\/\/fundaciosetba.org\/patio-de-vecinas\/"},"modified":"2022-04-12T08:46:00","modified_gmt":"2022-04-12T07:46:00","slug":"patio-de-vecinas","status":"publish","type":"post","link":"https:\/\/fundaciosetba.org\/es\/patio-de-vecinas\/","title":{"rendered":"Patio de vecinas"},"content":{"rendered":"<p>El proyecto\u00a0<em>Patio de vecinas<\/em>\u00a0se enmarca en el programa de creaci\u00f3n art\u00edstica comunitaria ART I PART, impulsado por el ICUB en varios barrios de Barcelona.<\/p>\n<p>Se trata de una obra musical, organizada por un partenariado de entidades, artistas, vecinos y vecinas en una b\u00fasqueda creativa sobre su barrio. En este caso, el barrio es el G\u00f3tico, el principal protagonista de la obra, descrito por sus vecinas a trav\u00e9s de an\u00e9cdotas y personajes reales y ficticios, que tendr\u00e1n como hilo conductor las canciones.<\/p>\n<p>El objetivo de este proyecto, que tendr\u00e1 una duraci\u00f3n de cinco meses, es fortalecer el sentimiento de orgullo de pertenencia y de denunciar la gentrificaci\u00f3n y la p\u00e9rdida de memoria hist\u00f3rica que esto conlleva.<\/p>\n<p>La estrena de\u00a0<em>Patio de vecinas<\/em> tendr\u00e1 lugar a principios de julio, en el marco del Festival Grec.<\/p>\n<p><iframe loading=\"lazy\" src=\"https:\/\/www.youtube.com\/embed\/afyCytiIwCA\" width=\"853\" height=\"480\" frameborder=\"0\" allowfullscreen=\"allowfullscreen\"><\/iframe><\/p>\n<p><iframe loading=\"lazy\" src=\"https:\/\/www.youtube.com\/embed\/UsJZ1FbjgPU\" width=\"853\" height=\"480\" frameborder=\"0\" allowfullscreen=\"allowfullscreen\"><\/iframe><\/p>\n","protected":false},"excerpt":{"rendered":"<p>La Fundaci\u00f3n Setba coordina este proyecto de creaci\u00f3n comunitaria, impulsado por el ICUB, que quiere ser un caj\u00f3n de sastre de recuerdos del G\u00f3tico.<\/p>\n","protected":false},"author":1,"featured_media":0,"comment_status":"closed","ping_status":"closed","sticky":false,"template":"","format":"standard","meta":{"footnotes":""},"categories":[1090],"tags":[],"class_list":["post-29232","post","type-post","status-publish","format-standard","hentry","category-noticias"],"_links":{"self":[{"href":"https:\/\/fundaciosetba.org\/es\/wp-json\/wp\/v2\/posts\/29232","targetHints":{"allow":["GET"]}}],"collection":[{"href":"https:\/\/fundaciosetba.org\/es\/wp-json\/wp\/v2\/posts"}],"about":[{"href":"https:\/\/fundaciosetba.org\/es\/wp-json\/wp\/v2\/types\/post"}],"author":[{"embeddable":true,"href":"https:\/\/fundaciosetba.org\/es\/wp-json\/wp\/v2\/users\/1"}],"replies":[{"embeddable":true,"href":"https:\/\/fundaciosetba.org\/es\/wp-json\/wp\/v2\/comments?post=29232"}],"version-history":[{"count":1,"href":"https:\/\/fundaciosetba.org\/es\/wp-json\/wp\/v2\/posts\/29232\/revisions"}],"predecessor-version":[{"id":30934,"href":"https:\/\/fundaciosetba.org\/es\/wp-json\/wp\/v2\/posts\/29232\/revisions\/30934"}],"wp:attachment":[{"href":"https:\/\/fundaciosetba.org\/es\/wp-json\/wp\/v2\/media?parent=29232"}],"wp:term":[{"taxonomy":"category","embeddable":true,"href":"https:\/\/fundaciosetba.org\/es\/wp-json\/wp\/v2\/categories?post=29232"},{"taxonomy":"post_tag","embeddable":true,"href":"https:\/\/fundaciosetba.org\/es\/wp-json\/wp\/v2\/tags?post=29232"}],"curies":[{"name":"wp","href":"https:\/\/api.w.org\/{rel}","templated":true}]}}