{"id":29237,"date":"2019-06-18T00:00:00","date_gmt":"2019-06-17T23:00:00","guid":{"rendered":"https:\/\/fundaciosetba.org\/el-balcon-de-les-artes-2019\/"},"modified":"2022-04-12T08:43:09","modified_gmt":"2022-04-12T07:43:09","slug":"el-balcon-de-les-artes-2019","status":"publish","type":"post","link":"https:\/\/fundaciosetba.org\/es\/el-balcon-de-les-artes-2019\/","title":{"rendered":"Premio Setba 2019"},"content":{"rendered":"<p style=\"text-align: left;\">Este a\u00f1o celebramos 9 ediciones del certamen <em>El Balc\u00f3n de las Artes<\/em> y ya tenemos ganadores. De las 780 obras que hemos recibido, de 55 entidades diferentes, un jurado ha escogido las premiadas en dos categor\u00edas:<\/p>\n<p style=\"text-align: left;\"><strong>PREMIO DE DISE\u00d1O<\/strong><\/p>\n<p>El Premio de dise\u00f1o Bardinet ha sido otorgado al artista\u00a0<strong>Esperanza Palacios<\/strong>\u00a0del Grupo Alba, por la obra <em>Hasta el m\u00e1s valiente es d\u00e9bil a veces<\/em>.<\/p>\n<p>El artista ha trabajado durante una jornada en La Casa de Carlota para convertir su obra en la etiqueta de uno de los vinos de Bardinet: <em>Valent<\/em>. Adem\u00e1s, ha recibido una compensaci\u00f3n econ\u00f3mica de 500 \u20ac de Bardinet.<\/p>\n<p><strong>PREMIO ART\u00cdSTICO<\/strong><\/p>\n<p>El Premio art\u00edstico, consistente una aportaci\u00f3n econ\u00f3mica dada por la Fundaci\u00f3n Setba y un lote de material, entradas y varios obsequios, gentileza de Art Mir y el Museo del FCB, ha contado con 8 seleccionados, 9 finalistas y 3 ganadores.<\/p>\n<p><iframe loading=\"lazy\" width=\"853\" height=\"480\" src=\"https:\/\/www.youtube.com\/embed\/nS-ikM61gWE\" frameborder=\"0\" allow=\"accelerometer; autoplay; encrypted-media; gyroscope; picture-in-picture\" allowfullscreen><\/iframe><\/p>\n<p><strong>GANADORES<\/strong><\/p>\n<p>1r\u00a0premio, <strong>Joel Garcia<\/strong>\u00a0del Grup Alba por la obra <em>Tocado y hundido<\/em>.<br \/>\n2o premio, <strong>Jes\u00fas Llorente<\/strong>\u00a0de la\u00a0Fundaci\u00f3 Ramon Noguera por la obra <em>Ojos negros<\/em>.<br \/>\n3r premio, \u00a0<strong>Xavier Riambau<\/strong>\u00a0del Centre Ocupacional Les Corts por la obra <em>Jo recordo a Basquiat<\/em>.<\/p>\n<p><strong>FINALISTAS<\/strong><\/p>\n<p><strong>Juan Manuel Ib\u00e1\u00f1ez<\/strong> de la Fundaci\u00f3n Estimia por<em> La Flor<\/em><br \/>\n<strong>Xavi Hern\u00e1ndez <\/strong>de la Fundaci\u00f3n Asproseat Proa Esplugues por<em>\u00a0<\/em><em>Caos<\/em><br \/>\n<strong>Vict\u00f2ria Hidalgo<\/strong> de la Fundaci\u00f3n Ramon Noguera por<em>\u00a0<\/em><em>Las Casas del Prado<\/em><br \/>\n<strong>M\u00aa Jes\u00fas Fern\u00e1ndez<\/strong> de la Fundaci\u00f3n Els Joncs por<em>\u00a0<\/em><em>Gerro amb flors<\/em><br \/>\n<strong>Daniel P\u00e9rez<\/strong> de la Fundaci\u00f3n Privada Arc de Sant Mart\u00ed por<em>\u00a0<\/em><em>Vespa<\/em><br \/>\n<strong>Michelle Sarmiento<\/strong> de la Fundaci\u00f3n TEAS por<em>\u00a0<\/em><em>Mi abuela filipina<\/em><br \/>\n<strong>Alexis Hinojosa<\/strong> de Ampans por<em>\u00a0<\/em><em>Caballo azul<\/em><br \/>\n<strong>Yolanda Marco<\/strong> de la Fundaci\u00f3n Estimia por<em>\u00a0<\/em><em>El plateado<\/em><br \/>\n<strong>Jordi Nadal<\/strong> de Cointegra por<em>\u00a0<\/em><em>Mossos d&#8217;esquadra de Barcelona i Badalona<\/em><\/p>\n<p><strong>SELECCIONATS<\/strong><\/p>\n<p><strong>Mohamed El Aamrani <\/strong>de la Fundaci\u00f3n Els Joncs por<em>\u00a0<\/em><em>Tormenta en la sabana africana<\/em><br \/>\n<strong>David Espinazo <\/strong>del Centre Ocupacional Les Corts por<em>\u00a0<\/em><em>El jardiner<\/em><br \/>\n<strong>M\u00aa Florencia Mari\u00f1o <\/strong>de la Fundaci\u00f3n Catalana S\u00edndrome de Down por<em>\u00a0<\/em><em>El sue\u00f1o del pato<\/em><br \/>\n<strong>Olivia Saavedra <\/strong>del Centre Ocupacional Les Corts\u00a0por\u00a0<em>Golden woman. <\/em><br \/>\n<strong>Berta Alsina <\/strong>de la Fundaci\u00f3n TEAS por<em>\u00a0<\/em><em>El Mar<\/em><br \/>\n<strong>Ferm\u00edn Fern\u00e1ndez<\/strong> de la Fundaci\u00f3n Estimia por<em>\u00a0<\/em><em>En mem\u00f2ria de Gauguin<\/em><br \/>\n<strong>Isabel Morales <\/strong>de la Fundaci\u00f3n Ramon Noguera por<em>\u00a0<\/em><em>La mujer de cabellos dorados<\/em><br \/>\n<strong>Juan Carlos Beamonte<\/strong> de la Fundaci\u00f3n Ramon Noguera por<em>\u00a0<\/em><em>La mujer bella<\/em><\/p>\n<p>La exposici\u00f3n con todas las obras de esta edici\u00f3n se podr\u00e1 visitar en el Real C\u00edrculo Art\u00edstico de Barcelona del 18 al 30 de junio de 2019.<\/p>\n<p><a title=\"El Balc\u00f3 de les Arts 2019\" href=\"https:\/\/www.flickr.com\/photos\/fundaciosetba\/albums\/72157709141333963\" data-flickr-embed=\"true\"><img loading=\"lazy\" decoding=\"async\" src=\"https:\/\/fundaciosetba.org\/wp-content\/uploads\/2021\/12\/48086522971_b27a498862_c.jpg\" alt='El Balc\u00f3 de les Arts 2019' width=\"577\" height=\"800\" \/><\/a><script async src=\"\/\/embedr.flickr.com\/assets\/client-code.js\" charset=\"utf-8\"><\/script><\/p>\n","protected":false},"excerpt":{"rendered":"<p>La novena edici\u00f3n de El Balc\u00f3n de las Artes ya tiene ganadores. La exposici\u00f3n se podr\u00e1 visitar en el RCA de Barcelona del 18 al 30 de junio de 2019.<\/p>\n","protected":false},"author":1,"featured_media":29234,"comment_status":"closed","ping_status":"closed","sticky":false,"template":"","format":"standard","meta":{"footnotes":""},"categories":[1239],"tags":[],"class_list":["post-29237","post","type-post","status-publish","format-standard","has-post-thumbnail","hentry","category-premio-setba"],"_links":{"self":[{"href":"https:\/\/fundaciosetba.org\/es\/wp-json\/wp\/v2\/posts\/29237","targetHints":{"allow":["GET"]}}],"collection":[{"href":"https:\/\/fundaciosetba.org\/es\/wp-json\/wp\/v2\/posts"}],"about":[{"href":"https:\/\/fundaciosetba.org\/es\/wp-json\/wp\/v2\/types\/post"}],"author":[{"embeddable":true,"href":"https:\/\/fundaciosetba.org\/es\/wp-json\/wp\/v2\/users\/1"}],"replies":[{"embeddable":true,"href":"https:\/\/fundaciosetba.org\/es\/wp-json\/wp\/v2\/comments?post=29237"}],"version-history":[{"count":2,"href":"https:\/\/fundaciosetba.org\/es\/wp-json\/wp\/v2\/posts\/29237\/revisions"}],"predecessor-version":[{"id":30929,"href":"https:\/\/fundaciosetba.org\/es\/wp-json\/wp\/v2\/posts\/29237\/revisions\/30929"}],"wp:featuredmedia":[{"embeddable":true,"href":"https:\/\/fundaciosetba.org\/es\/wp-json\/wp\/v2\/media\/29234"}],"wp:attachment":[{"href":"https:\/\/fundaciosetba.org\/es\/wp-json\/wp\/v2\/media?parent=29237"}],"wp:term":[{"taxonomy":"category","embeddable":true,"href":"https:\/\/fundaciosetba.org\/es\/wp-json\/wp\/v2\/categories?post=29237"},{"taxonomy":"post_tag","embeddable":true,"href":"https:\/\/fundaciosetba.org\/es\/wp-json\/wp\/v2\/tags?post=29237"}],"curies":[{"name":"wp","href":"https:\/\/api.w.org\/{rel}","templated":true}]}}