{"id":29239,"date":"2019-03-29T00:00:00","date_gmt":"2019-03-28T23:00:00","guid":{"rendered":"https:\/\/fundaciosetba.org\/sandra-balsells\/"},"modified":"2019-03-29T00:00:00","modified_gmt":"2019-03-28T23:00:00","slug":"sandra-balsells","status":"publish","type":"post","link":"https:\/\/fundaciosetba.org\/es\/sandra-balsells\/","title":{"rendered":"Sandra Balsells"},"content":{"rendered":"<p>Hablamos con Sandra Balsells, a quien conocemos desde hace mucho tiempo, una de las mejores fotoperiodistas del pa\u00eds. Nos recibe en la Facultad de Comunicaci\u00f3n Blanquerna donde ejerce como docente desde hace m\u00e1s de 20 a\u00f1os. Los alumnos la quieren y se nota. Ella es una apasionada de su trabajo y nos lo transmite cada vez que conversamos.<\/p>\n<p><strong>\u00bfQui\u00e9n es Sandra Balsells?<\/strong><\/p>\n<p><em><span style=\"color: #808080;\">\u00bfQui\u00e9n soy &#8230;.? Una persona que dedica su vida al fotoperiodismo y a vivir <\/span><\/em><span style=\"color: #000000;\">-remarca que, en su caso, la pasi\u00f3n por la vida personal y profesional van de la mano.<\/span><em><span style=\"color: #808080;\">\u00a0Hace ya m\u00e1s de 25 a\u00f1os que me dedico a la fotograf\u00eda, trabajando con plena libertad y siempre pudiendo elegir los temas y encargos que m\u00e1s me han interesado.<\/span><\/em><\/p>\n<p><em><span style=\"color: #808080;\">He combinado mi trabajo como fot\u00f3grafa con la docencia en la Universidad, dando conferencias y haciendo exposiciones; en resumen, soy una persona satisfecha con la vida que he tenido.<\/span><\/em><\/p>\n<p><strong>\u00bfEn qu\u00e9 momento nace esta pasi\u00f3n, es vocacional?<\/strong><\/p>\n<p><span style=\"color: #808080;\"><em>La\u00a0<\/em><\/span><em><span style=\"color: #808080;\">vocaci\u00f3n ya exist\u00eda antes de empezar a estudiar en la Universidad, ya sab\u00eda que quer\u00eda ser periodista. De hecho, el a\u00f1o que me hab\u00eda matricularse se declararon numerus clausus! Si no pod\u00eda entrar en periodismo, \u00bfqu\u00e9 har\u00eda?<\/span><\/em><\/p>\n<p><em><span style=\"color: #808080;\">Durante los a\u00f1os de carrera trabaj\u00e9 como fot\u00f3grafa de publicidad, lo que no me interesaba en absoluto. Pero una vez acab\u00e9, ante el abismo y la incertidumbre del final de etapa, decid\u00ed que ten\u00eda que hacer un cambio y me fui a vivir a Inglaterra.<\/span><\/em><\/p>\n<p><em><span style=\"color: #808080;\">Un a\u00f1o despu\u00e9s entr\u00e9 en el London College of Printing, gracias a una beca, para cursar el Postgrado de Fotoperiodismo. En ese momento hac\u00eda pr\u00e1cticas en dos diarios, uno de ellos era el The Times. Era poco antes del a\u00f1o 1991, en Yugoslavia se produjo la desintegraci\u00f3n del pa\u00eds y estall\u00f3 el conflicto. Ped\u00ed al diario cubrirlo y lo aceptaron. Aquel fue el inicio de mi carrera profesional<\/span>.<\/em><\/p>\n<p><strong>Sandra, si comparamos este momento que viviste con la actualidad y el panorama de los j\u00f3venes estudiantes de hoy en d\u00eda, \u00bfqu\u00e9 ha cambiado?<\/strong><\/p>\n<p><em><span style=\"color: #808080;\">Empec\u00e9 a dar clases muy joven, yo ten\u00eda 28 y mis alumnos 20 a\u00f1os. Hoy en d\u00eda, adem\u00e1s de la diferencia de edad con ellos, ha habido un salto muy importante en el plano tecnol\u00f3gico que marca nuestra profesi\u00f3n. En cualquier caso, la pasi\u00f3n y el empe\u00f1o son la clave para salir adelante. He tenido muchos alumnos que se han convertido en grandes profesionales gracias a la perseverancia y el esfuerzo, como Laia Abril, Guillem Trius, Lurdes Basol\u00ed, Lourdes Segade &#8230; Esto no cambia.<\/span><\/em><\/p>\n<p><span style=\"color: #808080;\"><em>Adem\u00e1s, hay un tema comercial, de entrar el mercado, uno\u00a0tiene que\u00a0saber venderse. Yo no me quejo, no he necesitado llamar a demasiadas puertas para que se me abrieran. Supongo que me gusta mucho lo que hago<\/em><span style=\"color: #333333;\"> -sonr\u00ede satisfecha-<\/span><em>\u00a0y la vida me lo ha recompensado.<\/em><\/span><\/p>\n<p><strong>Parla\u2019ns una mica de la teva vinculaci\u00f3 amb la Fundaci\u00f3 Setba.<\/strong><\/p>\n<p><span style=\"color: #808080;\"><em>Todo comienza en 2016, cuando Cristina Sampere, directora de la Fundaci\u00f3n, me invita a colaborar en una exposici\u00f3n que llevaba el t\u00edtulo &#8220;Estimado maestro Catal\u00e1n-Roca&#8221; en homenaje al fot\u00f3grafo. Nosotras nos hab\u00edamos conocido hac\u00eda m\u00e1s de 20 a\u00f1os, aunque no hab\u00edamos mantenido el contacto, y me encant\u00f3 su propuesta!<\/em><\/span><\/p>\n<p><span style=\"color: #808080;\"><em>Despu\u00e9s de eso, en 2017, Setba organiz\u00f3 una segunda exposici\u00f3n muy especial con tres mujeres, yo misma y dos grandes fot\u00f3grafas: <strong>Joana Biarn\u00e9s<\/strong> -recientemente traspasada- que fue la primera mujer fotoperiodista en nuestro pa\u00eds y que se hab\u00eda convertido en una gran amiga desde el a\u00f1o 2012, cuando nos conocimos, y Laia Abril, nueva promesa de la fotograf\u00eda y ex alumna m\u00eda en Blanquerna. Tres generaciones de mujeres, que expusimos juntas en &#8220;De la sombra a la luz&#8221;.<\/em><\/span><\/p>\n<p><span style=\"color: #808080;\"><em>Y la \u00faltima colaboraci\u00f3n, este 2019, es &#8220;Cicatriz&#8221;. Una muestra, actualmente en el Espacio Merc\u00e8 Sala (Metro Diagonal), sobre el d\u00eda a d\u00eda de una mujer que ha sufrido violencia machista. Participar en este proyecto ha sido muy enriquecedor, pero tambi\u00e9n duro y muy complicado. Duro porque afortunadamente es un tema que no he vivido de cerca, y despu\u00e9s de 6 meses de trabajo ha cambiado absolutamente mi percepci\u00f3n sobre esta lacra. Complicado porque cuesta mucho hacer el seguimiento fotogr\u00e1fico de alguien que ha sufrido un da\u00f1o que ya no se ve. La \u00fanica imagen que pone sobre la mesa el problema de forma evidente es la \u00faltima, una fotograf\u00eda donde se la ve a ella ense\u00f1ando un selfie que se hizo despu\u00e9s de la \u00faltima agresi\u00f3n.<\/em><\/span><\/p>\n<p><span style=\"color: #808080;\"><em>Ahora, la nuestra se ha convertido en una relaci\u00f3n muy bonita y me gustar\u00eda seguir en contacto con Bibi y hacer m\u00e1s proyectos. Ella, adem\u00e1s de una mujer muy valiente, est\u00e1 demostrando ser una gran oradora y ahora que ha decidido que no va a callarse m\u00e1s, siento que quiero ayudarla.<\/em><\/span><\/p>\n<p><strong>Mes de marzo, mes de las mujeres.<\/strong><\/p>\n<p><span style=\"color: #808080;\"><em>Cada a\u00f1o mi facultad organiza unas Jornadas de Comunicaci\u00f3n. Un d\u00eda, haciendo autocr\u00edtica, los mismos profesores de Blanquerna nos dimos cuenta de que pr\u00e1cticamente no incluimos bibliograf\u00eda de mujeres en nuestros programas. En pleno siglo XXI esta situaci\u00f3n no debe ser una normalidad, lo tenemos que cambiar, por eso este a\u00f1o las Jornadas de Comunicaci\u00f3n Blanquerna\u00a0se han dedicado a las mujeres.\u00a0<\/em><\/span><\/p>\n<p><span style=\"color: #000000;\"><strong>\u00bfLa fotograf\u00eda, el arte y cultura pueden ayudar a transformar la sociedad?<\/strong><\/span><\/p>\n<p><span style=\"color: #808080;\"><em>Una cierta capacidad es evidente que la tiene, si no \u00bfqu\u00e9 hay har\u00edamos aqu\u00ed? Ahora bien, en mi opini\u00f3n, depende tambi\u00e9n de la capacidad permeable del p\u00fablico, de su sensibilidad. Hoy d\u00eda somos incapaces de digerir todo lo que nos llega. \u00a1Yo, sinceramente, me quedo un poco al margen de esta avalancha!<\/em><\/span><\/p>\n<p><span style=\"color: #808080;\"><em>Adem\u00e1s, tenemos que ser m\u00e1s cr\u00edticos con las noticias, debemos saber seleccionar las fuentes fiables y contrastar la informaci\u00f3n.<\/em><\/span><\/p>\n<p><span style=\"color: #808080;\"><em>Aun as\u00ed, creo que las expectativas deben ser bajas, tenemos que ser conscientes de que los fotoperiodistas tampoco podemos cambiar el sistema, desgraciadamente.<\/em><\/span><\/p>\n<p>Le hacemos las dos fotos (qu\u00e9 presi\u00f3n fotografiar a una fot\u00f3grafa!) Y nos despedimos de Sandra pasando el relevo a dos alumnos que vienen a preguntarle dudas, c\u00e1mara en mano. Nos vamos con las palabras PASI\u00d3N, PERSEVERANCIA y PACIENCIA grabadas en nuestras mentes.<\/p>\n","protected":false},"excerpt":{"rendered":"<p>Fotoperiodista. Premio Ortega y Gasset a la mejor labor informativa (2006) por el trabajo realizado sobre la guerra y la posguerra en la antigua Yugoslavia.<\/p>\n","protected":false},"author":1,"featured_media":0,"comment_status":"closed","ping_status":"closed","sticky":false,"template":"","format":"standard","meta":{"footnotes":""},"categories":[1090],"tags":[],"class_list":["post-29239","post","type-post","status-publish","format-standard","hentry","category-noticias"],"_links":{"self":[{"href":"https:\/\/fundaciosetba.org\/es\/wp-json\/wp\/v2\/posts\/29239","targetHints":{"allow":["GET"]}}],"collection":[{"href":"https:\/\/fundaciosetba.org\/es\/wp-json\/wp\/v2\/posts"}],"about":[{"href":"https:\/\/fundaciosetba.org\/es\/wp-json\/wp\/v2\/types\/post"}],"author":[{"embeddable":true,"href":"https:\/\/fundaciosetba.org\/es\/wp-json\/wp\/v2\/users\/1"}],"replies":[{"embeddable":true,"href":"https:\/\/fundaciosetba.org\/es\/wp-json\/wp\/v2\/comments?post=29239"}],"version-history":[{"count":0,"href":"https:\/\/fundaciosetba.org\/es\/wp-json\/wp\/v2\/posts\/29239\/revisions"}],"wp:attachment":[{"href":"https:\/\/fundaciosetba.org\/es\/wp-json\/wp\/v2\/media?parent=29239"}],"wp:term":[{"taxonomy":"category","embeddable":true,"href":"https:\/\/fundaciosetba.org\/es\/wp-json\/wp\/v2\/categories?post=29239"},{"taxonomy":"post_tag","embeddable":true,"href":"https:\/\/fundaciosetba.org\/es\/wp-json\/wp\/v2\/tags?post=29239"}],"curies":[{"name":"wp","href":"https:\/\/api.w.org\/{rel}","templated":true}]}}