{"id":29243,"date":"2019-04-26T00:00:00","date_gmt":"2019-04-25T23:00:00","guid":{"rendered":"https:\/\/fundaciosetba.org\/dr-josep-canete\/"},"modified":"2019-04-26T00:00:00","modified_gmt":"2019-04-25T23:00:00","slug":"dr-josep-canete","status":"publish","type":"post","link":"https:\/\/fundaciosetba.org\/es\/dr-josep-canete\/","title":{"rendered":"Dr. Josep Ca\u00f1ete"},"content":{"rendered":"<p>Este mes de abril hemos trasladado la escultura<em> Milcaps<\/em> al Hospital de Matar\u00f3, de donde proviene uno de los tres grupos que han participado en la realizaci\u00f3n de la obra, bajo la direcci\u00f3n del artista Marcel\u00b7l\u00ed Ant\u00fanez.\u00a0<em>Milcaps <\/em>se pudo ver primero\u00a0en la c\u00e1rcel La Modelo de Barcelona, en el marco de la exposici\u00f3n &#8220;El Arte irreductible&#8221;, y ahora ha aterrizado en Matar\u00f3.<\/p>\n<p>Nos encontramos con el Dr. Ca\u00f1ete, un entusiasta del proyecto, que nos facilit\u00f3 en todo momento tanto el trabajo con los residentes del hospital, como la exposici\u00f3n de la escultura que se puede ver en el patio interior, situado en la Planta -1.<\/p>\n<p>Y en pleno montaje de <em>Milcaps<\/em>, le pedimos:<\/p>\n<p><strong>\u00bfC\u00f3mo se presenta el Dr. Ca\u00f1ete?<\/strong><\/p>\n<p><span style=\"color: #808080;\"><em>Soy m\u00e9dico, psiquiatra y actualmente dirijo el \u00c1mbito de Salud Mental del Consorcio Sanitario del Maresme. Hace m\u00e1s de 30 a\u00f1os que estoy implicado en la atenci\u00f3n a personas con problemas de salud mental y puedo decir que, de todas las tareas posibles para colaborar en hacer un mundo mejor, he tenido la suerte de poder dedicar tiempo y esfuerzos a trabajar con estas personas. <\/em><\/span><\/p>\n<p><strong>\u00bfNos podr\u00eda hablar del proyecto <em>Milcaps<\/em> y c\u00f3mo se ha implicado con la Fundaci\u00f3n Setba?<\/strong><\/p>\n<p><span style=\"color: #808080;\"><em>La Fundaci\u00f3n Setba, desde hace algunos a\u00f1os, colabora con nuestro centro en varias iniciativas que son muy apreciadas por los usuarios y por nuestros profesionales. El proyecto Milcaps ha sido una nueva oportunidad, original y participativa, para acercar el arte y trabajar codo a codo con un artista de la talla de Ant\u00fanez en la confecci\u00f3n de una obra colectiva. <\/em><\/span><\/p>\n<p><strong>\u00bfY en relaci\u00f3n al mismo, c\u00f3mo ha visto la implicaci\u00f3n de los usuarios en el proyecto? \u00bfCree que ha sido beneficiosa?<\/strong><\/p>\n<p><span style=\"color: #808080;\"><em>Los usuarios se han mostrado muy motivados y satisfechos con el proyecto. Se ha fomentado la creatividad y la espontaneidad, con la supervisi\u00f3n y apoyo de Marcel\u00b7l\u00ed Ant\u00fanez. Los diferentes actos y las presentaciones del proyecto en Barcelona y Matar\u00f3 han sido una expresi\u00f3n de reconocimiento y autoafirmaci\u00f3n personal de los participantes.<\/em><\/span><\/p>\n<p><strong>\u00bfEn el centro mismo, hacen alguna otra actividad relacionada con el arte o la cultura? \u00bfTienen alg\u00fan programa de inclusi\u00f3n para personas que conviven con enfermedades mentales?<\/strong><\/p>\n<p><span style=\"color: #808080;\"><em>El arte, la expresi\u00f3n art\u00edstica, forma parte de los programas de recuperaci\u00f3n a lo largo del proceso terap\u00e9utico de las personas con problemas de salud mental, desde las \u00e1reas de hospitalizaci\u00f3n hasta las \u00e1reas de atenci\u00f3n ambulatoria o comunitaria. Y se complementa con otras herramientas para la rehabilitaci\u00f3n y la integraci\u00f3n, como la formaci\u00f3n, las actividades prelaborales o actividades culturales y de ocio, entre otros. <\/em><\/span><\/p>\n<p><strong>Y para terminar nos gustar\u00eda saber si cree que el arte y la cultura pueden transformar la sociedad.\u00a0\u00bfComo lo propondr\u00eda usted?<\/strong><\/p>\n<p><em><span style=\"color: #808080;\">El arte y la cultura son herramientas que pueden transformar la persona, hacer cambiar su foco, su relaci\u00f3n consigo mismo, con los dem\u00e1s y con el mundo. Creo que es a trav\u00e9s de este cambio personal y el efecto colateral en la familia y el grupo que podemos pensar en una verdadera transformaci\u00f3n social.<\/span><\/em><\/p>\n<p>Dejamos al Dr. Ca\u00f1ete contemplando los <em>Milcaps<\/em>\u00a0(Milcabezas) y nosotros empezamos a preparar el pr\u00f3ximo proyecto que haremos con el hospital de Matar\u00f3, el <em>Natura es Cultura<\/em> en Argentona&#8230; pr\u00f3ximamente!<\/p>\n","protected":false},"excerpt":{"rendered":"<p>M\u00e9dico, psiquiatra y director del \u00c1mbito de Salud Mental del Consorcio Sanitario del Maresme.<\/p>\n","protected":false},"author":1,"featured_media":0,"comment_status":"closed","ping_status":"closed","sticky":false,"template":"","format":"standard","meta":{"footnotes":""},"categories":[1090],"tags":[],"class_list":["post-29243","post","type-post","status-publish","format-standard","hentry","category-noticias"],"_links":{"self":[{"href":"https:\/\/fundaciosetba.org\/es\/wp-json\/wp\/v2\/posts\/29243","targetHints":{"allow":["GET"]}}],"collection":[{"href":"https:\/\/fundaciosetba.org\/es\/wp-json\/wp\/v2\/posts"}],"about":[{"href":"https:\/\/fundaciosetba.org\/es\/wp-json\/wp\/v2\/types\/post"}],"author":[{"embeddable":true,"href":"https:\/\/fundaciosetba.org\/es\/wp-json\/wp\/v2\/users\/1"}],"replies":[{"embeddable":true,"href":"https:\/\/fundaciosetba.org\/es\/wp-json\/wp\/v2\/comments?post=29243"}],"version-history":[{"count":0,"href":"https:\/\/fundaciosetba.org\/es\/wp-json\/wp\/v2\/posts\/29243\/revisions"}],"wp:attachment":[{"href":"https:\/\/fundaciosetba.org\/es\/wp-json\/wp\/v2\/media?parent=29243"}],"wp:term":[{"taxonomy":"category","embeddable":true,"href":"https:\/\/fundaciosetba.org\/es\/wp-json\/wp\/v2\/categories?post=29243"},{"taxonomy":"post_tag","embeddable":true,"href":"https:\/\/fundaciosetba.org\/es\/wp-json\/wp\/v2\/tags?post=29243"}],"curies":[{"name":"wp","href":"https:\/\/api.w.org\/{rel}","templated":true}]}}