{"id":29247,"date":"2019-04-29T00:00:00","date_gmt":"2019-04-28T23:00:00","guid":{"rendered":"https:\/\/fundaciosetba.org\/la-plaza-dibuja-2019\/"},"modified":"2022-04-12T08:45:39","modified_gmt":"2022-04-12T07:45:39","slug":"la-plaza-dibuja-2019","status":"publish","type":"post","link":"https:\/\/fundaciosetba.org\/es\/la-plaza-dibuja-2019\/","title":{"rendered":"La plaza dibuja 2019"},"content":{"rendered":"<p>\u00a1\u00a1Si te gusta dibujar y descubrir rincones nuevos de Barcelona, no puedes faltar a esta jornada!!<\/p>\n<p>El pr\u00f3ximo s\u00e1bado 15 de junio (NUEVA FECHA) la Fundaci\u00f3n Setba organiza la quinta edici\u00f3n de\u00a0<strong><em>La plaza dibuja<\/em><\/strong>, una actividad gratuita, abierta a todos los p\u00fablicos, para invadir la plaza Real con l\u00e1pices y pinceles. \u00a1Peque\u00f1os y grandes, profesionales y\u00a0<em>amateurs<\/em>, est\u00e1is todos invitados!<\/p>\n<p>Un a\u00f1o m\u00e1s, abriremos varios edificios y azoteas de la plaza para poder verla y dibujarla desde puntos de vista ins\u00f3litos, para la mayor\u00eda de ciudadanos. Y, para los m\u00e1s peque\u00f1os, habr\u00e1 un taller gratuito a cargo de Llu\u00efsot Ninotaire.<\/p>\n<p>Para poder participar es necesario inscribirse\u00a0<strong><span style=\"color: #ff6600;\"><a style=\"color: #ff6600;\" href=\"https:\/\/www.eventbrite.com\/e\/registro-la-placa-dibuixa-2019-61029010413\">aqu\u00ed<\/a><\/span>\u00a0<\/strong><span style=\"color: #000000;\">(plazas limitadas).<\/span><\/p>\n<p>\u00a1\u00a1Adem\u00e1s de la acreditaci\u00f3n para poder acceder a los espacios abiertos, si eres uno de los 300 primeros asistentes, te regalaremos un peque\u00f1o pack de material de dibujo!!<\/p>\n<div style=\"padding: 1px; width: 35%; float: left; text-align: justify;\"><a href=\"https:\/\/www.eventbrite.com\/e\/registro-la-placa-dibuixa-2019-61029010413\" target=\"_blank\" rel=\"noopener\"><img loading=\"lazy\" decoding=\"async\" class=\"alignleft wp-image-18789 size-full\" src=\"https:\/\/fundaciosetba.org\/wp-content\/uploads\/2021\/12\/1_INSCRIU-TE.jpg\" width=\"2480\" height=\"3157\" \/><\/a><\/div>\n<div style=\"padding: 20px; float: left; width: 65%; text-align: justify;\">\n<p><span style=\"color: #ff6600;\"><strong>DE 10 A 11h: <\/strong><\/span>La entrega de acreditaciones y material de dibujo se realizar\u00e1 en la carpa situada en la plaza. Hay 300 lotes disponibles y se entregar\u00e1n por estricto orden de llegada.<\/p>\n<p><span style=\"color: #ff6600;\"><strong>ANTES DE LAS 14h:\u00a0<\/strong><\/span>Si nos entregas tu dibujo, podr\u00e1s formar parte de la exposici\u00f3n que organizaremos en la Biblioteca G\u00f2tic-Andreu Nin, los meses de junio y julio.<\/p>\n<p>Esta iniciativa, organizada por la Fundaci\u00f3n Setba, cuenta con la colaboraci\u00f3n de la Asociaci\u00f3n de vecinos y comerciantes de la plaza Real, Royal Talens, Barna Art, el Ayuntamiento de Barcelona y Urban Sketchers Barcelona.<\/p>\n<\/div>\n<p><iframe loading=\"lazy\" width=\"750\" height=\"430\" src=\"https:\/\/www.youtube.com\/embed\/wxTPUY86cI4\" frameborder=\"0\" allow=\"accelerometer; autoplay; encrypted-media; gyroscope; picture-in-picture\" allowfullscreen><\/iframe><\/p>\n","protected":false},"excerpt":{"rendered":"<p>La Fundaci\u00f3n Setba invita a todos los vecinos, artistas, familias y visitantes de la plaza Real a sumarse a la quinta edici\u00f3n de esta jornada de dibujo colectivo!<\/p>\n","protected":false},"author":1,"featured_media":29244,"comment_status":"closed","ping_status":"closed","sticky":false,"template":"","format":"standard","meta":{"footnotes":""},"categories":[1090],"tags":[],"class_list":["post-29247","post","type-post","status-publish","format-standard","has-post-thumbnail","hentry","category-noticias"],"_links":{"self":[{"href":"https:\/\/fundaciosetba.org\/es\/wp-json\/wp\/v2\/posts\/29247","targetHints":{"allow":["GET"]}}],"collection":[{"href":"https:\/\/fundaciosetba.org\/es\/wp-json\/wp\/v2\/posts"}],"about":[{"href":"https:\/\/fundaciosetba.org\/es\/wp-json\/wp\/v2\/types\/post"}],"author":[{"embeddable":true,"href":"https:\/\/fundaciosetba.org\/es\/wp-json\/wp\/v2\/users\/1"}],"replies":[{"embeddable":true,"href":"https:\/\/fundaciosetba.org\/es\/wp-json\/wp\/v2\/comments?post=29247"}],"version-history":[{"count":1,"href":"https:\/\/fundaciosetba.org\/es\/wp-json\/wp\/v2\/posts\/29247\/revisions"}],"predecessor-version":[{"id":30932,"href":"https:\/\/fundaciosetba.org\/es\/wp-json\/wp\/v2\/posts\/29247\/revisions\/30932"}],"wp:featuredmedia":[{"embeddable":true,"href":"https:\/\/fundaciosetba.org\/es\/wp-json\/wp\/v2\/media\/29244"}],"wp:attachment":[{"href":"https:\/\/fundaciosetba.org\/es\/wp-json\/wp\/v2\/media?parent=29247"}],"wp:term":[{"taxonomy":"category","embeddable":true,"href":"https:\/\/fundaciosetba.org\/es\/wp-json\/wp\/v2\/categories?post=29247"},{"taxonomy":"post_tag","embeddable":true,"href":"https:\/\/fundaciosetba.org\/es\/wp-json\/wp\/v2\/tags?post=29247"}],"curies":[{"name":"wp","href":"https:\/\/api.w.org\/{rel}","templated":true}]}}