{"id":29248,"date":"2019-05-20T00:00:00","date_gmt":"2019-05-19T23:00:00","guid":{"rendered":"https:\/\/fundaciosetba.org\/bases-natura-es-cultura-2019\/"},"modified":"2019-05-20T00:00:00","modified_gmt":"2019-05-19T23:00:00","slug":"bases-natura-es-cultura-2019","status":"publish","type":"post","link":"https:\/\/fundaciosetba.org\/es\/bases-natura-es-cultura-2019\/","title":{"rendered":"Bases &#8220;Natura es Cultura 2019&#8221;"},"content":{"rendered":"<p>El proyecto <em> Natura es Cultura <\/em>naci\u00f3 en 2012 y este a\u00f1o cumple\u00a08 a\u00f1os.<\/p>\n<p>Consiste en un respiro de una semana en un entorno natural, durante la cual se realizan una serie de talleres art\u00edsticos con la voluntad de contribuir a la integraci\u00f3n social de los usuarios, fomentar sus capacidades art\u00edsticas y facilitar el contacto con la naturaleza.<\/p>\n<div style=\"padding: 1px; width: 35%; float: left; text-align: justify;\"><img loading=\"lazy\" decoding=\"async\" class=\"alignleft wp-image-13554 size-large\" src=\"https:\/\/fundaciosetba.org\/wp-content\/uploads\/2019\/05\/Natura-\u00e9s-Cultura-2019.jpg\" width=\"384\" height=\"1024\" \/><\/div>\n<div style=\"padding: 20px; float: left; width: 65%; text-align: justify;\">\n<p><strong>\u00bfQUI\u00c9N?<\/strong><br \/>\nPodran participar en el <em>Natura es Cultura<\/em> todas las entidades de Catalu\u00f1a que trabajen para mejorar la vida de las personas que conviven con trastornos mentales.<\/p>\n<p>Entre todas las entidades que soliciten la participaci\u00f3n y se ajusten a los requisitos de la convocatoria, se realizar\u00e1 un sorteo ante notario para escoger las cuatro beneficiarias.<\/p>\n<p><strong>\u00bfCU\u00c1NDO?<\/strong><br \/>\nEl proyecto se llevar\u00e1 a cabo durante el mes de septiembre de 2019 y cada una de las entidades ganadoras participar\u00e1 durante una semana (de lunes a viernes).<\/p>\n<p>La recepci\u00f3n de solicitudes finalizar\u00e1 el\u00a04 de junio\u00a0de 2019.<\/p>\n<p>El sorteo se celebrar\u00e1 ante el Ilustre\u00a0Se\u00f1or Borja Criado Malagarriga, notario de la ciudad de Barcelona, el 6 de junio de 2019.<\/p>\n<p>El notario deber\u00e1 extraer o indicar cuatro premiados, que quedar\u00e1n protocolizados mediante acta notarial.<\/p>\n<p>La Fundaci\u00f3n Setba, en caso de fuerza mayor y por causa justificada, se reserva el derecho de modificar el d\u00eda del sorteo, o el procedimiento del sorteo aqu\u00ed establecido.<\/p>\n<h6><\/h6>\n<p>&nbsp;<\/p>\n<p>&nbsp;<\/p>\n<\/div>\n","protected":false},"excerpt":{"rendered":"<p>Nueva convocatoria respiro para personas que conviven con trastornos mentales. El periodo de presentaci\u00f3n de solicitudes finaliza el 4 de junio de 2019.<\/p>\n","protected":false},"author":1,"featured_media":0,"comment_status":"closed","ping_status":"closed","sticky":false,"template":"","format":"standard","meta":{"footnotes":""},"categories":[1090],"tags":[1057],"class_list":["post-29248","post","type-post","status-publish","format-standard","hentry","category-noticias","tag-naturaescultura18"],"_links":{"self":[{"href":"https:\/\/fundaciosetba.org\/es\/wp-json\/wp\/v2\/posts\/29248","targetHints":{"allow":["GET"]}}],"collection":[{"href":"https:\/\/fundaciosetba.org\/es\/wp-json\/wp\/v2\/posts"}],"about":[{"href":"https:\/\/fundaciosetba.org\/es\/wp-json\/wp\/v2\/types\/post"}],"author":[{"embeddable":true,"href":"https:\/\/fundaciosetba.org\/es\/wp-json\/wp\/v2\/users\/1"}],"replies":[{"embeddable":true,"href":"https:\/\/fundaciosetba.org\/es\/wp-json\/wp\/v2\/comments?post=29248"}],"version-history":[{"count":0,"href":"https:\/\/fundaciosetba.org\/es\/wp-json\/wp\/v2\/posts\/29248\/revisions"}],"wp:attachment":[{"href":"https:\/\/fundaciosetba.org\/es\/wp-json\/wp\/v2\/media?parent=29248"}],"wp:term":[{"taxonomy":"category","embeddable":true,"href":"https:\/\/fundaciosetba.org\/es\/wp-json\/wp\/v2\/categories?post=29248"},{"taxonomy":"post_tag","embeddable":true,"href":"https:\/\/fundaciosetba.org\/es\/wp-json\/wp\/v2\/tags?post=29248"}],"curies":[{"name":"wp","href":"https:\/\/api.w.org\/{rel}","templated":true}]}}