{"id":29249,"date":"2019-05-21T00:00:00","date_gmt":"2019-05-20T23:00:00","guid":{"rendered":"https:\/\/fundaciosetba.org\/santi-salles\/"},"modified":"2022-04-12T08:45:26","modified_gmt":"2022-04-12T07:45:26","slug":"santi-salles","status":"publish","type":"post","link":"https:\/\/fundaciosetba.org\/es\/santi-salles\/","title":{"rendered":"Santi Sall\u00e9s"},"content":{"rendered":"<p>Hace cinco a\u00f1os la Fundaci\u00f3n Setba decidi\u00f3 convocar profesionales, aficionados, vecinos, reci\u00e9n llegados, ni\u00f1os y espont\u00e1neos a dibujar la plaza Real. Desde entonces, cada mes de mayo salimos armados con l\u00e1piz y papel para ganarle la batalla al <em>digital,<\/em> en este espacio tan emblem\u00e1tico de la ciudad, aunque sea por un d\u00eda.<\/p>\n<p><strong>\u00bfQui\u00e9n es el Santi Sall\u00e9s?<\/strong><\/p>\n<p><span style=\"color: #808080;\"><em>Soy urban Sketcher, ilustrador, artista y dise\u00f1ador gr\u00e1fico. Me dedico a dibujar, publico en revistas y medios de comunicaci\u00f3n, trabajo para agencias de publicidad y doy clases y conferencias sobre urban sketching.<\/em><\/span><\/p>\n<p><strong>Ya que nos has hablado del <em>urban sketching<\/em>, nos podr\u00edas explicar de que se trata?<\/strong><\/p>\n<p><em><span style=\"color: #808080;\">El urban sketching consiste en dibujar b\u00e1sicamente con libreta y al aire libre. Es una disciplina que se practica de toda la vida. Los primeros aventureros y cient\u00edficos, que se iban a descubrir el mundo, se llevaban sus libretas para dibujar y documentar lo que ve\u00edan y descubr\u00edan.<\/span><\/em><\/p>\n<p><em><span style=\"color: #808080;\">Sketch es una palabra inglesa que traducida significa boceto, dibujo r\u00e1pido, y esto se ha transformado en una disciplina que se basa en dibujar en directo y luego compartirlo en las redes sociales.<\/span><\/em><\/p>\n<p><strong>\u00bfY qu\u00e9 nos puedes decir del movimiento en Barcelona<\/strong><strong>?<\/strong><\/p>\n<p><span style=\"color: #808080;\"><em>Hoy en d\u00eda todo lo que sea handmade est\u00e1 muy de moda, porque es reparador, terap\u00e9utico.<\/em><\/span><\/p>\n<p><span style=\"color: #808080;\"><em>El origen del movimiento en Barcelona nace con Gabi Campanario, sketcher catal\u00e1n que decide fundar el urban sketching a nivel mundial. Este movimiento se ha ido extendiendo por todo el mundo a trav\u00e9s de las redes, los simposios y las conferencias.<\/em><\/span><\/p>\n<p><span style=\"color: #808080;\"><em>En Barcelona, este movimiento creci\u00f3 ra\u00edz del Simposium Internacional de 2013 y, a partir de entonces, comenz\u00f3 a aparecer m\u00e1s gente interesada, se comenzaron a hacer m\u00e1s talleres, el Ayuntamiento de Barcelona impuls\u00f3 la edici\u00f3n de libros ilustrados de diferentes barrios de la ciudad&#8230; Todas estas acciones hicieron que fuera creciendo el inter\u00e9s de la gente para dibujar y, con el tiempo, la comunidad ha ido haci\u00e9ndose mayor.<\/em><\/span><\/p>\n<p><span style=\"color: #808080;\"><em>En este contexto decidimos crear la Asociaci\u00f3n de Urban Sketchers de Barcelona, pensada para dar visibilidad al colectivo y gestionar mejor los eventos. Paralelamente nace USK Catalu\u00f1a para poder dinamizar el movimiento a nivel regional.<\/em><\/span><\/p>\n<p><span style=\"color: #808080;\"><em>El sketching es una disciplina que no ocupa espacio, puedes llevar el material encima, es ideal para el estilo de vida actual, es compatible con la movilidad; hay otras t\u00e9cnicas que piden m\u00e1s elementos, espacio y tiempo, por ejemplo la pintura al \u00f3leo,\u00a0 que necesita horas -e incluso d\u00edas- para secarse<\/em><\/span><em style=\"color: #808080;\">.<\/em><\/p>\n<p><span style=\"color: #808080;\"><span style=\"color: #000000;\"><strong>\u00bfCu\u00e1l es tu relaci\u00f3n con la fundaci\u00f3n Setba?<\/strong><\/span><\/span><\/p>\n<p><span style=\"color: #808080;\"><em>Yo llego a la Fundaci\u00f3n Setba a trav\u00e9s de\u00a0su directora, Cristina Sampere, con quien ya hab\u00eda trabajado anteriormente. Me explic\u00f3 que quer\u00eda organizar un evento de dibujo en la plaza Real, para que el p\u00fablico barcelon\u00e9s volviera a la plaza a disfrutar de un d\u00eda de dibujo, m\u00fasica\u00a0y fiesta. <\/em><\/span><\/p>\n<p><span style=\"color: #808080;\"><em>El objetivo era romper con la idea de la inseguridad en la plaza y disfrutar de esta jornada con los comerciantes, vecinos y vecinas, turistas y todo\u00a0aquel que quisiera venir un d\u00eda a dibujar. Me encant\u00f3 la idea!<\/em><\/span><\/p>\n<p><span style=\"color: #808080;\"><em>Yo me encargu\u00e9 de\u00a0la coordinaci\u00f3n de los Urban Sketchers profesionales que participaron haciendo un dibujo de cada uno de los locales de la plaza. \u00a1Y qu\u00e9 mejor visibilidad de una plaza cultural que a trav\u00e9s del dibujo!<\/em><\/span><\/p>\n<p><strong>La plaza dibuja es un acontecimiento que&#8230;<\/strong><\/p>\n<p><span style=\"color: #808080;\"><em>Fomenta la cohesi\u00f3n social.<\/em><\/span><\/p>\n<p><span style=\"color: #808080;\"><em>Se trata de un encuentro agradable, que trabaja con el efecto terap\u00e9utico del dibujo. Aprovechando la ocasi\u00f3n, cada vez m\u00e1s, el USK trabaja junto a proyectos sociales, ayuda a la difusi\u00f3n de las causas y proyectos a trav\u00e9s del dibujo.<\/em><\/span><\/p>\n<p><span style=\"color: #808080;\"><em>Cualquier cosa que pasa en la ciudad de Barcelona, como manifestaciones, la llegada de inmigrantes de Open Arms, incluso proyectos cient\u00edficos (como el de Idilabs en que he colaborado recientemente) tiene cobertura por parte de los urban Sketchers.<\/em><\/span><\/p>\n<p><strong>\u00bfCrees que el arte y la cultura ayudan a transformar la sociedad?<\/strong><\/p>\n<p><span style=\"color: #808080;\"><em>S\u00ed, absolutamente. Y en el caso del dibujo, como ya he dicho, tiene un efecto terap\u00e9utico, adem\u00e1s de contribuir a hacer visibles hechos trascendentes y causas sociales.<\/em><\/span><\/p>\n<p><strong>Para terminar, \u00bfqu\u00e9 dir\u00edas de la supervivencia dibujo en contraposici\u00f3n a la realidad digital? Crees que pierde fuerza?<\/strong><\/p>\n<p><span style=\"color: #808080;\"><em>Todo lo contrario, el dibujo est\u00e1 en un momento muy dulce, la gente est\u00e1 muy cansada del mundo digital y por tanto el handmade tiene m\u00e1s valor que nunca.<\/em><\/span><\/p>\n<p><span style=\"color: #808080;\"><em>En contrapartida embargo, la realidad es que el arte no est\u00e1 bien valorado, algunos medios de comunicaci\u00f3n no tienen suficientes recursos y no quieren asumir el coste de las ilustraciones. En la calle s\u00ed que se valora, y por eso cada vez hay m\u00e1s Sketchers, gente aficionada y amateurs que deciden coger libreta y l\u00e1piz y marchar a dibujar!<\/em><\/span><\/p>\n<p>Muchas gracias Santi, esperamos encarar esta quinta edici\u00f3n de La Plaza dibuja con la misma ilusi\u00f3n, participaci\u00f3n y creatividad que los otros a\u00f1os!<\/p>\n<p>Y recuerde, este s\u00e1bado todos a llenar la plaza de dibujo y colores!<\/p>\n","protected":false},"excerpt":{"rendered":"<p>Dise\u00f1ador gr\u00e1fico, ilustrador y urban sketcher. Miembro fundador de la Asociaci\u00f3n USK Barcelona.<\/p>\n","protected":false},"author":1,"featured_media":0,"comment_status":"closed","ping_status":"closed","sticky":false,"template":"","format":"standard","meta":{"footnotes":""},"categories":[1243],"tags":[],"class_list":["post-29249","post","type-post","status-publish","format-standard","hentry","category-entrevistas"],"_links":{"self":[{"href":"https:\/\/fundaciosetba.org\/es\/wp-json\/wp\/v2\/posts\/29249","targetHints":{"allow":["GET"]}}],"collection":[{"href":"https:\/\/fundaciosetba.org\/es\/wp-json\/wp\/v2\/posts"}],"about":[{"href":"https:\/\/fundaciosetba.org\/es\/wp-json\/wp\/v2\/types\/post"}],"author":[{"embeddable":true,"href":"https:\/\/fundaciosetba.org\/es\/wp-json\/wp\/v2\/users\/1"}],"replies":[{"embeddable":true,"href":"https:\/\/fundaciosetba.org\/es\/wp-json\/wp\/v2\/comments?post=29249"}],"version-history":[{"count":1,"href":"https:\/\/fundaciosetba.org\/es\/wp-json\/wp\/v2\/posts\/29249\/revisions"}],"predecessor-version":[{"id":30931,"href":"https:\/\/fundaciosetba.org\/es\/wp-json\/wp\/v2\/posts\/29249\/revisions\/30931"}],"wp:attachment":[{"href":"https:\/\/fundaciosetba.org\/es\/wp-json\/wp\/v2\/media?parent=29249"}],"wp:term":[{"taxonomy":"category","embeddable":true,"href":"https:\/\/fundaciosetba.org\/es\/wp-json\/wp\/v2\/categories?post=29249"},{"taxonomy":"post_tag","embeddable":true,"href":"https:\/\/fundaciosetba.org\/es\/wp-json\/wp\/v2\/tags?post=29249"}],"curies":[{"name":"wp","href":"https:\/\/api.w.org\/{rel}","templated":true}]}}