{"id":29253,"date":"2019-06-05T00:00:00","date_gmt":"2019-06-04T23:00:00","guid":{"rendered":"https:\/\/fundaciosetba.org\/fundacion-setba-chile\/"},"modified":"2019-06-05T00:00:00","modified_gmt":"2019-06-04T23:00:00","slug":"fundacion-setba-chile","status":"publish","type":"post","link":"https:\/\/fundaciosetba.org\/es\/fundacion-setba-chile\/","title":{"rendered":"Fundaci\u00f3n Setba Chile"},"content":{"rendered":"<p>El a\u00f1o 2017 el presidente de la Fundaci\u00f3n, Dar\u00edo Olaortua, traslada su residencia en Santiago de Chile, hecho que impulsa la fundaci\u00f3n de una entidad filial en el pa\u00eds sudamericano.<\/p>\n<p>La <strong> Fundaci\u00f3n Setba Chile<\/strong>, situada en la comuna de Providencia, idea, organiza y produce proyectos art\u00edsticos para colectivos en riesgo de exclusi\u00f3n social, con el objetivo de generar espacios de inclusi\u00f3n. Se trata de un proyecto que comparte los rasgos de identidad y objetivos de la filial catalana, pero en una nueva tierra, con una idiosincrasia y necesidades diferentes.<\/p>\n<p>Este 2019, la Fundaci\u00f3n Setba Chile inicia su actividad con la misma ilusi\u00f3n, compromiso y rigor con que se ha ido forjando la Fundaci\u00f3n Setba en Catalu\u00f1a, desde hace m\u00e1s de diez a\u00f1os.<\/p>\n<p>Setba ha sido y es un proyecto de suma, de sinergias. Todas aquellas personas, entidades y agentes que se han implicado en \u00e9l, y los que lo har\u00e1n, forman parte de esta historia, con pasado y futuro, que un d\u00eda del a\u00f1o 2007 comenzamos a escribir.<\/p>\n<p>A pesar de la distancia y de las particularidades de cada territorio, estamos seguros del potencial integrador de la cultura en todas partes. Porque <strong> el arte <strong> es un lenguaje universal, <\/strong><\/strong>que no conoce fronteras, y la cultura,\u00a0en cualquier rinc\u00f3n del mundo, construye puentes y derriba muros.<\/p>\n<p>&nbsp;<\/p>\n","protected":false},"excerpt":{"rendered":"<p>La Fundaci\u00f3n Setba Chile est\u00e1 situada en la comuna de Providencia e inicia su actividad en 2019, con la misma ilusi\u00f3n, compromiso y rigor que su filial catalana.<\/p>\n","protected":false},"author":1,"featured_media":0,"comment_status":"closed","ping_status":"closed","sticky":false,"template":"","format":"standard","meta":{"footnotes":""},"categories":[1090],"tags":[],"class_list":["post-29253","post","type-post","status-publish","format-standard","hentry","category-noticias"],"_links":{"self":[{"href":"https:\/\/fundaciosetba.org\/es\/wp-json\/wp\/v2\/posts\/29253","targetHints":{"allow":["GET"]}}],"collection":[{"href":"https:\/\/fundaciosetba.org\/es\/wp-json\/wp\/v2\/posts"}],"about":[{"href":"https:\/\/fundaciosetba.org\/es\/wp-json\/wp\/v2\/types\/post"}],"author":[{"embeddable":true,"href":"https:\/\/fundaciosetba.org\/es\/wp-json\/wp\/v2\/users\/1"}],"replies":[{"embeddable":true,"href":"https:\/\/fundaciosetba.org\/es\/wp-json\/wp\/v2\/comments?post=29253"}],"version-history":[{"count":0,"href":"https:\/\/fundaciosetba.org\/es\/wp-json\/wp\/v2\/posts\/29253\/revisions"}],"wp:attachment":[{"href":"https:\/\/fundaciosetba.org\/es\/wp-json\/wp\/v2\/media?parent=29253"}],"wp:term":[{"taxonomy":"category","embeddable":true,"href":"https:\/\/fundaciosetba.org\/es\/wp-json\/wp\/v2\/categories?post=29253"},{"taxonomy":"post_tag","embeddable":true,"href":"https:\/\/fundaciosetba.org\/es\/wp-json\/wp\/v2\/tags?post=29253"}],"curies":[{"name":"wp","href":"https:\/\/api.w.org\/{rel}","templated":true}]}}