{"id":29254,"date":"2019-06-17T00:00:00","date_gmt":"2019-06-16T23:00:00","guid":{"rendered":"https:\/\/fundaciosetba.org\/valenti-farras\/"},"modified":"2022-04-12T08:44:53","modified_gmt":"2022-04-12T07:44:53","slug":"valenti-farras","status":"publish","type":"post","link":"https:\/\/fundaciosetba.org\/es\/valenti-farras\/","title":{"rendered":"Entrevista a Valent\u00ed Farr\u00e0s"},"content":{"rendered":"<p>Estrenamosmes de junio con el proyecto m\u00e1s veterano que tenemos a d\u00eda de hoy, <em>El Balc\u00f3n de las Artes<\/em>, que este a\u00f1o ha llegado a la novena edici\u00f3n!<\/p>\n<p><em><span title=\"\">El<\/span>\u00a0<span title=\"\">Balc\u00f3n<\/span>\u00a0<span title=\"\">de las Artes\u00a0<\/span><\/em>es un concurso de arte para personas con discapacidad intelectual y del desarrollo, abierto a todas las entidades de Catalu\u00f1a.<\/p>\n<p>Desde hace cuatro a\u00f1os colaboramos con el CaixaForum, que nos cede su espacio para la Gala de entrega de premios. Cabe decir que, cuando empezamos, el acto se hac\u00eda en una de las aulas polivalentes, pero dado el volumen de gente y las dimensiones que el concurso fue tomando, Valent\u00ed Farr\u00e0s, director de CaixaForum Barcelona, nos quiso ceder Auditorio. Este ser\u00e1 el segundo a\u00f1o que ocupamos este espacio privilegiado.<\/p>\n<p>Y para entender un poco m\u00e1s la realidad de la instituci\u00f3n que nos acoge, hemos ido a ver Valent\u00ed Farr\u00e0s y le hemos preguntado &#8230;<\/p>\n<p><strong>\u00bfQui\u00e9n es Valent\u00ed Farr\u00e0s<\/strong><strong>?<\/strong><\/p>\n<p><span style=\"color: #808080;\"><em>Actualmente soy director de CaixaForum Barcelona y ya hace 37 a\u00f1os que estoy vinculado a &#8220;la Caixa&#8221;. Tras una primera etapa en el Servicio de Bibliotecas, el elemento en com\u00fan de mi trayectoria profesional ha sido el servicio a las personas, siempre con el objetivo de facilitar el acceso a la cultura.<\/em><\/span><\/p>\n<p><strong>Teniendo en cuenta las dimensiones de una instituci\u00f3n como &#8220;la Caixa&#8221;, porqu\u00e9 decid\u00eds implicaros en proyectos como <em>El Balc\u00f3n de las Arte<\/em>s y colaborar con instituciones &#8220;peque\u00f1as&#8221; como la nuestra, la Fundaci\u00f3n Setba?<\/strong><\/p>\n<p><span style=\"color: #808080;\"><em>Dec<\/em><em>im<\/em><em>os \u201cpeque\u00f1as\u201d\u00a0<\/em><em>quiz\u00e1 por dimensiones pero no por objetivos. Estas entidades, fundaciones y asociaciones como la vuestra hacen una tarea muy &#8220;grande&#8221; y es gracias a todo este tejido que &#8220;la Caixa&#8221; puede alcanzar sus objetivos. Trabajar junto a las entidades nos permite llegar a un n\u00famero mucho mayor de gente.<\/em><\/span><\/p>\n<p><span style=\"color: #808080;\"><em>Por poner un ejemplo, c\u00f3mo llegamos a los ni\u00f1os?\u00a0<\/em><\/span><span style=\"color: #808080;\"><em>Uno de nuestros objetivos es la educaci\u00f3n y las nuevas generaciones, si no fuera a trav\u00e9s de las escuelas, que traeen los grupos al museo, no llegar\u00edamos a este p\u00fablico.<\/em><\/span><\/p>\n<p><span style=\"color: #808080;\"><em>&#8220;La Caixa&#8221; quiere ser \u00fatil, quiere llegar a las personas, y para lograr este objetivo tenemos que crear sinergias y complicidades con los actores que est\u00e1n a pie de calle, cerca de la gente. De este modo, el efecto es multiplicador<\/em><em style=\"color: #808080;\">.<\/em><\/span><\/p>\n<p><strong>H\u00e1blanos un poco de proyectos &#8220;la Caixa&#8221; con una filosof\u00eda similar a nuestro&#8230;<\/strong><\/p>\n<p><span style=\"color: #808080;\"><em>En este momento, &#8220;la Caixa&#8221; tiene una sensibilidad social que se plasma en la Obra Social la Caixa. Si nos fijamos en los n\u00fameros globales, se destina un 57% a los proyectos sociales, un 22% a la divulgaci\u00f3n de la cultura y la ciencia y un 21% al impulso de nuevos talentos y becas.<\/em><\/span><\/p>\n<p><span style=\"color: #808080;\"><em>En el \u00e1mbito de la cultura, la red de CaixaForums trabaja para facilitar el acceso a las exposiciones y actividades que se organizan a los colectivos en riesgo de exclusi\u00f3n social.<\/em><\/span><\/p>\n<p><span style=\"color: #808080;\"><em>El programa Acerca Cultura nace en 2006 con la voluntad de mejorar la vida de las personas en situaci\u00f3n de vulnerabilidad, a trav\u00e9s de la cultura, claro.<\/em><\/span><\/p>\n<p><span style=\"color: #808080;\"><em>Y Art for Change, que da ayudas econ\u00f3micas a proyectos de entidades, gestores culturales o artistas que trabajen con colectivos en riesgo de exclusi\u00f3n social, a trav\u00e9s de expresiones art\u00edsticas.<\/em><\/span><\/p>\n<p><span style=\"color: #808080;\"><em>Por \u00faltimo, CaixaForum cede los espacios de que dispone a las entidades que lo necesiten, en vuestro caso\u00a0\u00a1para la entrega de premios de este lunes 17!<\/em><\/span><\/p>\n<p><span style=\"color: #808080;\"><em>A finales del a\u00f1o acogemos cerca de 300 actividades de entidades externas, desde acciones formativas, de divulgaci\u00f3n, vinculadas al arte &#8230;<\/em><\/span><\/p>\n<p><span style=\"color: #808080;\"><span style=\"color: #000000;\"><strong>\u00bfC\u00f3mo ha evolucionado la sociedad (y la misma instituci\u00f3n que representas) con respecto a la sensibilidad social?<\/strong><\/span><\/span><\/p>\n<p><span style=\"color: #808080;\"><em>Pienso que hemos hecho una evoluci\u00f3n muy positiva, hay mucha m\u00e1s sensibilidad hoy que el a\u00f1o 82, cuando yo empec\u00e9 a trabajar en &#8220;la Caixa&#8221;.\u00a0La hay por parte de la gente y, evidentemente, por parte de las instituciones. Esto no quiere decir que haya menos problemas, pero la sociedad es mucho m\u00e1s emp\u00e1tica y receptiva en el a\u00f1o 2019 que en el a\u00f1o 2000, y eso me hace feliz.<\/em><\/span><\/p>\n<p><strong>Por \u00faltimo \u00bfc\u00f3mo crees que el arte y la cultura pueden ayudar a transformar la sociedad?<\/strong><\/p>\n<p><span style=\"color: #808080;\"><em>Cuando t\u00fa creas, cuando trabajas para hacer algo realidad y lo puedes ense\u00f1ar a la gente, tu crecimiento personal es muy grande. Una cosa es ver hacer y la otra es hacer, ver bailar o bailar&#8230; El binomio esfuerzo y recompensa es la clave. La creatividad es tan beneficiosa como ir a correr, se ha demostrado que es as\u00ed, a nivel emp\u00edrico. La creatividad nos hace ser positivos, estar mejor, m\u00e1s felices &#8230; Y la felicidad es lo m\u00e1s importante, despu\u00e9s de todo.<\/em><\/span><\/p>\n<p>Pues muchas gracias por dedicarnos parte de tu tiempo hoy, Valent\u00ed, y esperamos volvernos a ver el a\u00f1o que viene para celebrar los 10 a\u00f1os de <em>El Balc\u00f3n de las Artes<\/em>!<\/p>\n","protected":false},"excerpt":{"rendered":"<p>Vinculado a &#8220;la Caixa&#8221; desde el a\u00f1o 1982, siempre en el \u00e1mbito de la atenci\u00f3n a las personas y la cultura, desde su paso por el Servicio de Bibliotecas hasta su cargo actual como director de CaixaForum Barcelona.<\/p>\n","protected":false},"author":1,"featured_media":0,"comment_status":"closed","ping_status":"closed","sticky":false,"template":"","format":"standard","meta":{"footnotes":""},"categories":[1243],"tags":[],"class_list":["post-29254","post","type-post","status-publish","format-standard","hentry","category-entrevistas"],"_links":{"self":[{"href":"https:\/\/fundaciosetba.org\/es\/wp-json\/wp\/v2\/posts\/29254","targetHints":{"allow":["GET"]}}],"collection":[{"href":"https:\/\/fundaciosetba.org\/es\/wp-json\/wp\/v2\/posts"}],"about":[{"href":"https:\/\/fundaciosetba.org\/es\/wp-json\/wp\/v2\/types\/post"}],"author":[{"embeddable":true,"href":"https:\/\/fundaciosetba.org\/es\/wp-json\/wp\/v2\/users\/1"}],"replies":[{"embeddable":true,"href":"https:\/\/fundaciosetba.org\/es\/wp-json\/wp\/v2\/comments?post=29254"}],"version-history":[{"count":1,"href":"https:\/\/fundaciosetba.org\/es\/wp-json\/wp\/v2\/posts\/29254\/revisions"}],"predecessor-version":[{"id":30930,"href":"https:\/\/fundaciosetba.org\/es\/wp-json\/wp\/v2\/posts\/29254\/revisions\/30930"}],"wp:attachment":[{"href":"https:\/\/fundaciosetba.org\/es\/wp-json\/wp\/v2\/media?parent=29254"}],"wp:term":[{"taxonomy":"category","embeddable":true,"href":"https:\/\/fundaciosetba.org\/es\/wp-json\/wp\/v2\/categories?post=29254"},{"taxonomy":"post_tag","embeddable":true,"href":"https:\/\/fundaciosetba.org\/es\/wp-json\/wp\/v2\/tags?post=29254"}],"curies":[{"name":"wp","href":"https:\/\/api.w.org\/{rel}","templated":true}]}}