{"id":29255,"date":"2019-06-19T00:00:00","date_gmt":"2019-06-18T23:00:00","guid":{"rendered":"https:\/\/fundaciosetba.org\/sorteig-i-exposicio-la-placa-dibuixa\/"},"modified":"2022-03-22T11:49:54","modified_gmt":"2022-03-22T10:49:54","slug":"sorteig-i-exposicio-la-placa-dibuixa","status":"publish","type":"post","link":"https:\/\/fundaciosetba.org\/es\/sorteig-i-exposicio-la-placa-dibuixa\/","title":{"rendered":"Sorteig i exposici\u00f3 &#8220;La pla\u00e7a dibuixa&#8221;"},"content":{"rendered":"<p>Del 20 de junio al 19 de julio de 2019, la Biblioteca G\u00f2tic-Andreu Nin acoge la exposici\u00f3n de dibujos de la edici\u00f3n de este a\u00f1o de <em><a href=\"https:\/\/fundaciosetba.org\/es\/la-plaza-dibuja-2019\/\">La plaza dibuja<\/a><\/em>.<\/p>\n<p>El mismo jueves a las 19: 15h haremos p\u00fablicos los ganadores del sorteo, que se podr\u00e1 consultar a trav\u00e9s de este enlace:\u00a0<a href=\"http:\/\/randorium.com\/es\/i8pK1JFd\"><span style=\"color: #ff6600;\"><strong>randorium.com\/es\/i8pK1JFd<\/strong><\/span><\/a><\/p>\n<p>El sorteo consiste en 4 premios que se asignar\u00e1n a 4 de los participantes, de la siguiente forma:<\/p>\n<p><strong>1.<\/strong> <strong>Lote de material de Bellas Arts:<\/strong><br \/>\nBloc, caja de\u00a0acuarelas\u00a0y\u00a0rotuladores de pinzel Sakura<br \/>\nCaja de 45 lapices de colores Brunyzeel<br \/>\n<strong>2.<\/strong> <strong>Lote de material de Bellas Arts:<\/strong><br \/>\nBloc, caja de acuarelas\u00a0y rotuladores de pinzel Sakura<br \/>\nCaja de 45 lapices de colores Brunyzeel<br \/>\n<strong>3.<\/strong> <strong>Experiencia\u00a0en la plaza Real:<\/strong><br \/>\nDos entradas para un concierto\u00a0en Tarantos Club<br \/>\n<strong>4.<\/strong> <strong>Experiencia\u00a0en\u00a0la plaza Real:<\/strong><br \/>\nDos entradas para un concierto\u00a0en\u00a0Jamboree Club<\/p>\n<p>Los premios son gentileza de Royal Talens, l&#8217;Associaci\u00f3 d&#8217;Amics i Comerciants de la Pla\u00e7a Reial, Tarantos Club Barcelona y Jamboree Dance Club.<\/p>\n[metaslider id=19164]\n","protected":false},"excerpt":{"rendered":"<p>Del 20 de junio al 19 de julio exponemos los dibujos de la quinta edici\u00f3n de &#8220;La plaza dibuja&#8221; en la Biblioteca G\u00f2tic-Andreu Nin.<\/p>\n","protected":false},"author":1,"featured_media":0,"comment_status":"closed","ping_status":"closed","sticky":false,"template":"","format":"standard","meta":{"footnotes":""},"categories":[1090],"tags":[],"class_list":["post-29255","post","type-post","status-publish","format-standard","hentry","category-noticias"],"_links":{"self":[{"href":"https:\/\/fundaciosetba.org\/es\/wp-json\/wp\/v2\/posts\/29255","targetHints":{"allow":["GET"]}}],"collection":[{"href":"https:\/\/fundaciosetba.org\/es\/wp-json\/wp\/v2\/posts"}],"about":[{"href":"https:\/\/fundaciosetba.org\/es\/wp-json\/wp\/v2\/types\/post"}],"author":[{"embeddable":true,"href":"https:\/\/fundaciosetba.org\/es\/wp-json\/wp\/v2\/users\/1"}],"replies":[{"embeddable":true,"href":"https:\/\/fundaciosetba.org\/es\/wp-json\/wp\/v2\/comments?post=29255"}],"version-history":[{"count":1,"href":"https:\/\/fundaciosetba.org\/es\/wp-json\/wp\/v2\/posts\/29255\/revisions"}],"predecessor-version":[{"id":30812,"href":"https:\/\/fundaciosetba.org\/es\/wp-json\/wp\/v2\/posts\/29255\/revisions\/30812"}],"wp:attachment":[{"href":"https:\/\/fundaciosetba.org\/es\/wp-json\/wp\/v2\/media?parent=29255"}],"wp:term":[{"taxonomy":"category","embeddable":true,"href":"https:\/\/fundaciosetba.org\/es\/wp-json\/wp\/v2\/categories?post=29255"},{"taxonomy":"post_tag","embeddable":true,"href":"https:\/\/fundaciosetba.org\/es\/wp-json\/wp\/v2\/tags?post=29255"}],"curies":[{"name":"wp","href":"https:\/\/api.w.org\/{rel}","templated":true}]}}