{"id":29256,"date":"2019-06-26T00:00:00","date_gmt":"2019-06-25T23:00:00","guid":{"rendered":"https:\/\/fundaciosetba.org\/exposicion-el-balcon-de-las-artes-2019\/"},"modified":"2022-04-12T08:42:44","modified_gmt":"2022-04-12T07:42:44","slug":"exposicion-el-balcon-de-las-artes-2019","status":"publish","type":"post","link":"https:\/\/fundaciosetba.org\/es\/exposicion-el-balcon-de-las-artes-2019\/","title":{"rendered":"Exposici\u00f3n Premio Setba 2019"},"content":{"rendered":"<p>A partir del martes 18 de junio se puede visitar la exposici\u00f3n de las obras ganadoras de &#8220;El Balc\u00f3n de las Artes 2019&#8221; en el Real C\u00edrculo Art\u00edstico (Arcos, 5).<\/p>\n<p>La muestra la integran las obras de los 3 ganadores, 9 finalistas y 8 seleccionados del Premio art\u00edstico, y la de la ganadora del Premio de dise\u00f1o.<\/p>\n<p>La exposici\u00f3n se podr\u00e1 visitar del 18 al 30 de junio de 2019.<\/p>\n<p><a title=\"El Balc\u00f3 de les Arts 2019\" href=\"https:\/\/www.flickr.com\/photos\/fundaciosetba\/albums\/72157709141333963\" data-flickr-embed=\"true\"><img loading=\"lazy\" decoding=\"async\" src=\"https:\/\/fundaciosetba.org\/wp-content\/uploads\/2021\/12\/48086522971_b27a498862_c.jpg\" alt='El Balc\u00f3 de les Arts 2019' width=\"577\" height=\"800\" \/><\/a><script async src=\"\/\/embedr.flickr.com\/assets\/client-code.js\" charset=\"utf-8\"><\/script><\/p>\n","protected":false},"excerpt":{"rendered":"<p>El pr\u00f3ximo martes 18 de junio inauguramos la exposici\u00f3n de las obras ganadoras de &#8220;El Balc\u00f3n de las Artes 2019&#8221; en el Real C\u00edrculo Art\u00edstico.<\/p>\n","protected":false},"author":1,"featured_media":29234,"comment_status":"closed","ping_status":"closed","sticky":false,"template":"","format":"standard","meta":{"footnotes":""},"categories":[1239],"tags":[],"class_list":["post-29256","post","type-post","status-publish","format-standard","has-post-thumbnail","hentry","category-premio-setba"],"_links":{"self":[{"href":"https:\/\/fundaciosetba.org\/es\/wp-json\/wp\/v2\/posts\/29256","targetHints":{"allow":["GET"]}}],"collection":[{"href":"https:\/\/fundaciosetba.org\/es\/wp-json\/wp\/v2\/posts"}],"about":[{"href":"https:\/\/fundaciosetba.org\/es\/wp-json\/wp\/v2\/types\/post"}],"author":[{"embeddable":true,"href":"https:\/\/fundaciosetba.org\/es\/wp-json\/wp\/v2\/users\/1"}],"replies":[{"embeddable":true,"href":"https:\/\/fundaciosetba.org\/es\/wp-json\/wp\/v2\/comments?post=29256"}],"version-history":[{"count":2,"href":"https:\/\/fundaciosetba.org\/es\/wp-json\/wp\/v2\/posts\/29256\/revisions"}],"predecessor-version":[{"id":30928,"href":"https:\/\/fundaciosetba.org\/es\/wp-json\/wp\/v2\/posts\/29256\/revisions\/30928"}],"wp:featuredmedia":[{"embeddable":true,"href":"https:\/\/fundaciosetba.org\/es\/wp-json\/wp\/v2\/media\/29234"}],"wp:attachment":[{"href":"https:\/\/fundaciosetba.org\/es\/wp-json\/wp\/v2\/media?parent=29256"}],"wp:term":[{"taxonomy":"category","embeddable":true,"href":"https:\/\/fundaciosetba.org\/es\/wp-json\/wp\/v2\/categories?post=29256"},{"taxonomy":"post_tag","embeddable":true,"href":"https:\/\/fundaciosetba.org\/es\/wp-json\/wp\/v2\/tags?post=29256"}],"curies":[{"name":"wp","href":"https:\/\/api.w.org\/{rel}","templated":true}]}}