{"id":29258,"date":"2019-09-06T00:00:00","date_gmt":"2019-09-05T23:00:00","guid":{"rendered":"https:\/\/fundaciosetba.org\/natura-es-cultura-2019\/"},"modified":"2022-04-12T08:37:20","modified_gmt":"2022-04-12T07:37:20","slug":"natura-es-cultura-2019","status":"publish","type":"post","link":"https:\/\/fundaciosetba.org\/es\/natura-es-cultura-2019\/","title":{"rendered":"Natura es Cultura 2019"},"content":{"rendered":"<p>La octava edici\u00f3n de este proyecto nos lleva de nuevo al Bosque de la Torre de los Soldats, en Aviny\u00f3, donde varios grupos de usuarios de entidades de salud mental pasar\u00e1n, cada uno, una semana en la residencia de artistas Cal Gras.<\/p>\n<p>Bajo la direcci\u00f3n art\u00edstica de Quim Moya, los participantes intervendr\u00e1n sobre los \u00e1rboles del bosque de la Torre de los Soldats, en el Camino Ganadero Central de Aviny\u00f3. Por primera vez, dos estudiantes de EARTVIC, Escuela de Arte y Superior de Dise\u00f1o de Vic, colaboran en el proyecto apoyando al director art\u00edstico.<\/p>\n<p>Esta propuesta art\u00edstica se enmarca dentro de los principios del &#8220;Land Art&#8221; (Arte terrestre) y tiene un precedente directo en el Bosque de Oma, en Bizcaya, obra del pintor vasco Agust\u00edn Ibarrola.<\/p>\n<p>El proyecto <em>Natura es Cultura<\/em> ofrece, a los participantes, la posibilidad de pasar una semana fuera de sus lugares habituales de trabajo y residencia, en contacto directo con la naturaleza, trabajando la creaci\u00f3n art\u00edstica individual y colectiva. Los resultados son muy positivos a nivel personal y tambi\u00e9n interesant\u00edsimos desde el punto de vista pl\u00e1stico.<\/p>\n<p>La convocatoria se abri\u00f3 en abril de 2019 y cuatro entidades fueron seleccionadas por sorteo, ante el Notario del Ilustre Colegio de Notarios de Catalu\u00f1a, el se\u00f1or Borja Criado Malagarriga: <strong> Asociaci\u00f3n Arapdis, Asociaci\u00f3n de voluntarios y amigos del Hospital de Calella, AlterArte Sentido de Formaci\u00f3n y Prevenci\u00f3n y la Asociaci\u00f3n Insolitart. <\/strong><\/p>\n<p>Adem\u00e1s, el mes de julio se llev\u00f3 a cabo una primera edici\u00f3n del proyecto en Argentona, con usuarios de la Unidad de Salud Mental del Hospital de Matar\u00f3. Se intervino el bosque de la finca del Viver y este es el resultado:<\/p>\n<p><img loading=\"lazy\" decoding=\"async\" src=\"https:\/\/fundaciosetba.org\/wp-content\/uploads\/2019\/09\/Natura-\u00e9s-Cultura-2019-Argentona-1-1024x683.jpg\" alt=\"Natura \u00e9s Cultura 2019 - Argentona (1)\" width=\"754\" height=\"475\" class=\"alignleft size-large wp-image-19256\" \/><\/p>\n<p><strong>Actividades pedag\u00f3gicas<\/strong><\/p>\n<p>La Fundaci\u00f3n Setba cuenta con el apoyo del Ayuntamiento de Aviny\u00f3 y quiere implicar tambi\u00e9n a otros agentes de la poblaci\u00f3n. Por este motivo, organiza unas jornadas en el bosque pintado con los alumnos de primaria de la Escuela Barnola y algunos de los participantes del proyecto. La finalidad de esta acci\u00f3n es desestigmatizar la enfermedad mental, visibilizar la problem\u00e1tica de las personas con trastornos mentales y hacer que los ni\u00f1os del municipio se identifiquen con el bosque pintado y lo hagan suyo.<\/p>\n<p><strong>Exposici\u00f3n Natura es Cultura 2019<\/strong><\/p>\n<p>La exposici\u00f3n mostrar\u00e1 los retratos de los participantes, hechos por Carles Rodr\u00edguez, adem\u00e1s de una instalaci\u00f3n hecha a partir de cepas de \u00e1rboles. Esta muestra cuenta con el apoyo del Ayuntamiento de Manresa y el Ayuntamiento de Aviny\u00f3.<\/p>\n<p><iframe loading=\"lazy\" width=\"800\" height=\"375\" src=\"https:\/\/www.youtube.com\/embed\/6jwQJ7y4L_M\" frameborder=\"0\" allow=\"accelerometer; autoplay; encrypted-media; gyroscope; picture-in-picture\" allowfullscreen><\/iframe><\/p>\n","protected":false},"excerpt":{"rendered":"<p>Octava edici\u00f3n del proyecto. Los participantes continuar\u00e1n la intervenci\u00f3n art\u00edstica en el bosque de Aviny\u00f3 y expondr\u00e1n sus obras en el Museo Comarcal de Manresa.<\/p>\n","protected":false},"author":1,"featured_media":0,"comment_status":"closed","ping_status":"closed","sticky":false,"template":"","format":"standard","meta":{"footnotes":""},"categories":[1090],"tags":[],"class_list":["post-29258","post","type-post","status-publish","format-standard","hentry","category-noticias"],"_links":{"self":[{"href":"https:\/\/fundaciosetba.org\/es\/wp-json\/wp\/v2\/posts\/29258","targetHints":{"allow":["GET"]}}],"collection":[{"href":"https:\/\/fundaciosetba.org\/es\/wp-json\/wp\/v2\/posts"}],"about":[{"href":"https:\/\/fundaciosetba.org\/es\/wp-json\/wp\/v2\/types\/post"}],"author":[{"embeddable":true,"href":"https:\/\/fundaciosetba.org\/es\/wp-json\/wp\/v2\/users\/1"}],"replies":[{"embeddable":true,"href":"https:\/\/fundaciosetba.org\/es\/wp-json\/wp\/v2\/comments?post=29258"}],"version-history":[{"count":1,"href":"https:\/\/fundaciosetba.org\/es\/wp-json\/wp\/v2\/posts\/29258\/revisions"}],"predecessor-version":[{"id":30809,"href":"https:\/\/fundaciosetba.org\/es\/wp-json\/wp\/v2\/posts\/29258\/revisions\/30809"}],"wp:attachment":[{"href":"https:\/\/fundaciosetba.org\/es\/wp-json\/wp\/v2\/media?parent=29258"}],"wp:term":[{"taxonomy":"category","embeddable":true,"href":"https:\/\/fundaciosetba.org\/es\/wp-json\/wp\/v2\/categories?post=29258"},{"taxonomy":"post_tag","embeddable":true,"href":"https:\/\/fundaciosetba.org\/es\/wp-json\/wp\/v2\/tags?post=29258"}],"curies":[{"name":"wp","href":"https:\/\/api.w.org\/{rel}","templated":true}]}}