{"id":29263,"date":"2019-10-08T00:00:00","date_gmt":"2019-10-07T23:00:00","guid":{"rendered":"https:\/\/fundaciosetba.org\/abriendo-caminos-segunda-parte\/"},"modified":"2022-04-12T08:36:49","modified_gmt":"2022-04-12T07:36:49","slug":"abriendo-caminos-segunda-parte","status":"publish","type":"post","link":"https:\/\/fundaciosetba.org\/es\/abriendo-caminos-segunda-parte\/","title":{"rendered":"Abriendo caminos, segunda parte"},"content":{"rendered":"<p>La segunda exposici\u00f3n de la saga<em>Abriendo caminos<\/em> presenta el trabajo art\u00edstico realizado por los participantes del <em> Naturaleza es Cultura 2019 <\/ em> sobre una cuarentena de \u00e1rboles del bosque de la Torre de los Soldados, en el Camino Ganadero Central de Aviny\u00f3. Esta propuesta art\u00edstica se enmarca dentro de los principios del &#8220;Land Art&#8221; (Arte terrestre) y tiene un preecedent directo al Bosque de Oma, en Biscay, una propuesta del pintado vasco Agust\u00edn Ibarrola.<\/p>\n<p>En el a\u00f1o 2012, la Fundaci\u00f3n Setba organiz\u00f3 el proyecto <em> Naturaleza es Cultura <\/ em> por primera vez. Se trata de un respiro art\u00edstico a la naturaleza dirigido a personas que conviven con enfermedades mentales.<\/p>\n<p>Un a\u00f1o m\u00e1s, la direcci\u00f3n art\u00edstica la ha encabezado Quim Moya y cada uno de los participantes ha actuado sobre un \u00e1rbol con el tema de &#8220;la mirada&#8221;.<\/p>\n<p>El fot\u00f3grafo Carlos Rodr\u00edguez ha realizado el trabajo documental de todo el proceso y el estudiante Juan Mart\u00ednez, de la ESCAC, la ha grabado en v\u00eddeo.<\/p>\n<figure id=\"attachment_19328\" aria-describedby=\"caption-attachment-19328\" style=\"width: 604px\" class=\"wp-caption alignleft\"><img loading=\"lazy\" decoding=\"async\" class=\"size-large wp-image-19328\" src=\"https:\/\/fundaciosetba.org\/wp-content\/uploads\/2021\/12\/Natura-1024x682.jpg\" alt='Natura es Cultura 2019, Aviny\u00f3, Reportatge per la Fundaci\u00f3 Setba.' width=\"604\" height=\"402\" \/><figcaption id=\"caption-attachment-19328\" class=\"wp-caption-text\">Natura es Cultura 2019, Aviny\u00f3, Reportatge per la Fundaci\u00f3 Setba.<\/figcaption><\/figure>\n","protected":false},"excerpt":{"rendered":"<p>La segunda parte de la muestra Abriendo caminos, se centra en los artistas implicados en el proyecto y en el resultado del mismo, a partir de una cuarentena de retratos.<\/p>\n","protected":false},"author":1,"featured_media":0,"comment_status":"closed","ping_status":"closed","sticky":false,"template":"","format":"standard","meta":{"footnotes":""},"categories":[1242],"tags":[],"class_list":["post-29263","post","type-post","status-publish","format-standard","hentry","category-natura-es-cultura-2"],"_links":{"self":[{"href":"https:\/\/fundaciosetba.org\/es\/wp-json\/wp\/v2\/posts\/29263","targetHints":{"allow":["GET"]}}],"collection":[{"href":"https:\/\/fundaciosetba.org\/es\/wp-json\/wp\/v2\/posts"}],"about":[{"href":"https:\/\/fundaciosetba.org\/es\/wp-json\/wp\/v2\/types\/post"}],"author":[{"embeddable":true,"href":"https:\/\/fundaciosetba.org\/es\/wp-json\/wp\/v2\/users\/1"}],"replies":[{"embeddable":true,"href":"https:\/\/fundaciosetba.org\/es\/wp-json\/wp\/v2\/comments?post=29263"}],"version-history":[{"count":1,"href":"https:\/\/fundaciosetba.org\/es\/wp-json\/wp\/v2\/posts\/29263\/revisions"}],"predecessor-version":[{"id":30807,"href":"https:\/\/fundaciosetba.org\/es\/wp-json\/wp\/v2\/posts\/29263\/revisions\/30807"}],"wp:attachment":[{"href":"https:\/\/fundaciosetba.org\/es\/wp-json\/wp\/v2\/media?parent=29263"}],"wp:term":[{"taxonomy":"category","embeddable":true,"href":"https:\/\/fundaciosetba.org\/es\/wp-json\/wp\/v2\/categories?post=29263"},{"taxonomy":"post_tag","embeddable":true,"href":"https:\/\/fundaciosetba.org\/es\/wp-json\/wp\/v2\/tags?post=29263"}],"curies":[{"name":"wp","href":"https:\/\/api.w.org\/{rel}","templated":true}]}}