{"id":29264,"date":"2019-10-14T00:00:00","date_gmt":"2019-10-13T23:00:00","guid":{"rendered":"https:\/\/fundaciosetba.org\/proyeccion-patio-de-vecinas\/"},"modified":"2022-03-22T11:49:53","modified_gmt":"2022-03-22T10:49:53","slug":"proyeccion-patio-de-vecinas","status":"publish","type":"post","link":"https:\/\/fundaciosetba.org\/es\/proyeccion-patio-de-vecinas\/","title":{"rendered":"Proyecci\u00f3n &#8220;Patio de vecinas&#8221;"},"content":{"rendered":"<p>\u201cPatio de vecinas&#8221; se estren\u00f3 el mes de julio en La Bonne, en el marco del Festival Grec, fruto del trabajo de vecinos y vecinas del G\u00f3tico junto con varios profesionales, para crear una obra de teatro comunitaria. El estreno fue un \u00e9xito sin precedentes y el teatro se llen\u00f3 del todo.<\/p>\n<p>El pr\u00f3ximo martes 22 de octubre, la Fundaci\u00f3n Setba te invita a la proyecci\u00f3n integra de la obra en los Cines Mald\u00e0.<\/p>\n<p><Strong> Fecha: <\/ strong> Martes 22 de octubre de 2019 a las 18: 30h<br \/>\n<Strong> Lugar: <\/ strong> Cines Mald\u00e0 (Carrer del Pi, 5)<br \/>\nEntrada libre. Aforo limitado.<br \/>\n<Strong> Reserva tu butaca: <\/ strong> <a href=\"mailto:maria@fundaciosetba.org\"> maria@fundaciosetba.org <\/a><\/p>\n<p><Strong> Organiza: <\/ strong> Fundaci\u00f3n Setba, Biblioteca G\u00f2tic-Andreu Nin, Casal de Gent Gran Pati Llimona, Distrito Ciutat Vella, Fundaci\u00f3n FIBS. En el marco de ARTiPART, que se engloba dentro del programa Barcelona Distrito Cultural, gestionado por el ICUB.  <\/p>\n<p><a ref=\"magnificPopup\" href=\"https:\/\/fundaciosetba.org\/wp-content\/uploads\/2019\/10\/INVITACI\u00d3-PROJECCI\u00d3-Pati-de-ve\u00efnes_22O.jpg\"><img loading=\"lazy\" decoding=\"async\" class=\"alignleft wp-image-19351 size-full\" src=\"https:\/\/fundaciosetba.org\/wp-content\/uploads\/2019\/10\/INVITACI\u00d3-PROJECCI\u00d3-Pati-de-ve\u00efnes_22O.jpg\" alt=\"INVITACI\u00d3 PROJECCI\u00d3 Pati de ve\u00efnes_22O\" width=\"2551\" height=\"1180\" \/><\/a><\/p>\n","protected":false},"excerpt":{"rendered":"<p>La Fundaci\u00f3n Setba te invita a la proyecci\u00f3n de la obra de teatro comunitaria &#8220;Patio de vecinas&#8221; que se estren\u00f3 el mes de julio en La Bonne.<\/p>\n","protected":false},"author":1,"featured_media":0,"comment_status":"closed","ping_status":"closed","sticky":false,"template":"","format":"standard","meta":{"footnotes":""},"categories":[1090],"tags":[],"class_list":["post-29264","post","type-post","status-publish","format-standard","hentry","category-noticias"],"_links":{"self":[{"href":"https:\/\/fundaciosetba.org\/es\/wp-json\/wp\/v2\/posts\/29264","targetHints":{"allow":["GET"]}}],"collection":[{"href":"https:\/\/fundaciosetba.org\/es\/wp-json\/wp\/v2\/posts"}],"about":[{"href":"https:\/\/fundaciosetba.org\/es\/wp-json\/wp\/v2\/types\/post"}],"author":[{"embeddable":true,"href":"https:\/\/fundaciosetba.org\/es\/wp-json\/wp\/v2\/users\/1"}],"replies":[{"embeddable":true,"href":"https:\/\/fundaciosetba.org\/es\/wp-json\/wp\/v2\/comments?post=29264"}],"version-history":[{"count":1,"href":"https:\/\/fundaciosetba.org\/es\/wp-json\/wp\/v2\/posts\/29264\/revisions"}],"predecessor-version":[{"id":30806,"href":"https:\/\/fundaciosetba.org\/es\/wp-json\/wp\/v2\/posts\/29264\/revisions\/30806"}],"wp:attachment":[{"href":"https:\/\/fundaciosetba.org\/es\/wp-json\/wp\/v2\/media?parent=29264"}],"wp:term":[{"taxonomy":"category","embeddable":true,"href":"https:\/\/fundaciosetba.org\/es\/wp-json\/wp\/v2\/categories?post=29264"},{"taxonomy":"post_tag","embeddable":true,"href":"https:\/\/fundaciosetba.org\/es\/wp-json\/wp\/v2\/tags?post=29264"}],"curies":[{"name":"wp","href":"https:\/\/api.w.org\/{rel}","templated":true}]}}