{"id":29266,"date":"2019-11-06T00:00:00","date_gmt":"2019-11-05T23:00:00","guid":{"rendered":"https:\/\/fundaciosetba.org\/vida-y-milagros-de-la-plaza-reial-en-beteve\/"},"modified":"2022-04-12T08:35:09","modified_gmt":"2022-04-12T07:35:09","slug":"vida-y-milagros-de-la-plaza-reial-en-beteve","status":"publish","type":"post","link":"https:\/\/fundaciosetba.org\/es\/vida-y-milagros-de-la-plaza-reial-en-beteve\/","title":{"rendered":"&#8220;Vida y milagros&#8230;&#8221; en Betev\u00e9"},"content":{"rendered":"<p><iframe loading=\"lazy\" src=\"https:\/\/cdnapisec.kaltura.com\/p\/2346171\/sp\/234617100\/embedIframeJs\/uiconf_id\/42600891\/partner_id\/2346171?iframeembed=true&#038;playerId=0_8t9orumg&#038;entry_id=0_8t9orumg&#038;flashvars[streamerType]=auto\" width=\"940\" height=\"529\" allowfullscreen webkitallowfullscreen mozAllowFullScreen allow=\"autoplay *; fullscreen *; encrypted-media *\" frameborder=\"0\"><\/iframe><\/p>\n","protected":false},"excerpt":{"rendered":"<p>Betev\u00e9 entrevista Xavier Theros con motivo de la publicaci\u00f3n del libro &#8220;Vida y milagros de la plaza Real&#8221; impulsado por la Fundaci\u00f3n Setba y La Reial.<\/p>\n","protected":false},"author":1,"featured_media":0,"comment_status":"closed","ping_status":"closed","sticky":false,"template":"","format":"standard","meta":{"footnotes":""},"categories":[1090],"tags":[],"class_list":["post-29266","post","type-post","status-publish","format-standard","hentry","category-noticias"],"_links":{"self":[{"href":"https:\/\/fundaciosetba.org\/es\/wp-json\/wp\/v2\/posts\/29266","targetHints":{"allow":["GET"]}}],"collection":[{"href":"https:\/\/fundaciosetba.org\/es\/wp-json\/wp\/v2\/posts"}],"about":[{"href":"https:\/\/fundaciosetba.org\/es\/wp-json\/wp\/v2\/types\/post"}],"author":[{"embeddable":true,"href":"https:\/\/fundaciosetba.org\/es\/wp-json\/wp\/v2\/users\/1"}],"replies":[{"embeddable":true,"href":"https:\/\/fundaciosetba.org\/es\/wp-json\/wp\/v2\/comments?post=29266"}],"version-history":[{"count":1,"href":"https:\/\/fundaciosetba.org\/es\/wp-json\/wp\/v2\/posts\/29266\/revisions"}],"predecessor-version":[{"id":30802,"href":"https:\/\/fundaciosetba.org\/es\/wp-json\/wp\/v2\/posts\/29266\/revisions\/30802"}],"wp:attachment":[{"href":"https:\/\/fundaciosetba.org\/es\/wp-json\/wp\/v2\/media?parent=29266"}],"wp:term":[{"taxonomy":"category","embeddable":true,"href":"https:\/\/fundaciosetba.org\/es\/wp-json\/wp\/v2\/categories?post=29266"},{"taxonomy":"post_tag","embeddable":true,"href":"https:\/\/fundaciosetba.org\/es\/wp-json\/wp\/v2\/tags?post=29266"}],"curies":[{"name":"wp","href":"https:\/\/api.w.org\/{rel}","templated":true}]}}